{"id":100243,"date":"2024-06-05T12:53:08","date_gmt":"2024-06-05T16:53:08","guid":{"rendered":"https:\/\/editionap.ca\/?p=100243"},"modified":"2026-02-17T20:52:08","modified_gmt":"2026-02-17T19:52:08","slug":"la-ligue-de-fer-a-cheval-a-un-nouveau-siege-a-rockland","status":"publish","type":"post","link":"https:\/\/visionrockland.ca\/en\/sports-loisirs\/la-ligue-de-fer-a-cheval-a-un-nouveau-siege-a-rockland\/","title":{"rendered":"La ligue de fer \u00e0 cheval a un nouveau si\u00e8ge \u00e0 Rockland\u202f"},"content":{"rendered":"<p><b><span data-contrast=\"none\">Une toute nouvelle saison bat son plein pour la ligue de fer \u00e0 cheval de Rockland mais les membres de la ligue ont une autre raison de se r\u00e9jouir.\u202f<\/span><\/b><span data-ccp-props=\"{&quot;201341983&quot;:2,&quot;335551550&quot;:6,&quot;335551620&quot;:6,&quot;335559731&quot;:240,&quot;335559739&quot;:0,&quot;335559740&quot;:240}\">\u00a0<\/span><\/p>\n<p><span data-contrast=\"none\">\u202f\u202f\u202f\u202fLa ligue a un nouveau domicile pour 2024. Les membres joueront au Parc Simon, dans une zone situ\u00e9e entre l&#8217;ar\u00e9na Jean Marc Lalonde et un terrain de baseball.\u202f<\/span><span data-ccp-props=\"{&quot;201341983&quot;:2,&quot;335551550&quot;:6,&quot;335551620&quot;:6,&quot;335559731&quot;:240,&quot;335559739&quot;:0,&quot;335559740&quot;:240}\">\u00a0<\/span><\/p>\n<p><span data-contrast=\"none\">\u202f\u202f\u202f\u202f\u00ab\u202fNous sommes heureux de ce nouvel emplacement\u202f\u00bb, a d\u00e9clar\u00e9 Suzanne Beauchamp, la gardienne officielle des statistiques de la ligue et membre de longue date de la ligue.\u202f<\/span><span data-ccp-props=\"{&quot;201341983&quot;:2,&quot;335551550&quot;:6,&quot;335551620&quot;:6,&quot;335559731&quot;:240,&quot;335559739&quot;:0,&quot;335559740&quot;:240}\">\u00a0<\/span><\/p>\n<p><span data-contrast=\"none\">\u202f\u202f\u202f\u202fPendant des ann\u00e9es, la ligue a jou\u00e9 sur une propri\u00e9t\u00e9 de la rue Giroux, si\u00e8ge de l&#8217;organisation locale des Chevaliers de Colomb, mais elle avait besoin d&#8217;un nouvel endroit pour jouer apr\u00e8s l&#8217;achat de la propri\u00e9t\u00e9.\u202f<\/span><span data-ccp-props=\"{&quot;201341983&quot;:2,&quot;335551550&quot;:6,&quot;335551620&quot;:6,&quot;335559731&quot;:240,&quot;335559739&quot;:0,&quot;335559740&quot;:240}\">\u00a0<\/span><\/p>\n<p><span data-contrast=\"none\">\u202f\u202f\u202f\u202fAvec l&#8217;aide des responsables de la Cit\u00e9 de Clarence-Rockland, la ligue a trouv\u00e9 un nouvel endroit o\u00f9 jouer.<\/span><span data-ccp-props=\"{&quot;201341983&quot;:2,&quot;335551550&quot;:6,&quot;335551620&quot;:6,&quot;335559731&quot;:240,&quot;335559739&quot;:0,&quot;335559740&quot;:240}\">\u00a0<\/span><\/p>\n<p><span data-contrast=\"none\">\u202f\u00ab La Ville a travaill\u00e9 avec nous et nous avons r\u00e9ussi \u00e0 faire en sorte que tout se passe bien, a d\u00e9clar\u00e9 Louis Villeneuve, pr\u00e9sident de la ligue.\u202f<\/span><span data-ccp-props=\"{&quot;201341983&quot;:2,&quot;335551550&quot;:6,&quot;335551620&quot;:6,&quot;335559731&quot;:240,&quot;335559739&quot;:0,&quot;335559740&quot;:240}\">\u00a0<\/span><\/p>\n<p><span data-contrast=\"none\">\u202f\u202f\u202f\u202fLa ligue existe depuis plus de quarante ans, et c&#8217;est un endroit o\u00f9 les joueurs peuvent non seulement montrer leurs capacit\u00e9s au fer \u00e0 cheval, mais aussi nouer et entretenir des amiti\u00e9s qui s&#8217;av\u00e8rent \u00e9ternelles.\u202f<\/span><span data-ccp-props=\"{&quot;201341983&quot;:2,&quot;335551550&quot;:6,&quot;335551620&quot;:6,&quot;335559731&quot;:240,&quot;335559739&quot;:0,&quot;335559740&quot;:240}\">\u00a0<\/span><\/p>\n<p><span data-contrast=\"none\">\u202f\u202f\u202f\u202f\u00ab Nous sommes comme une grande famille, o\u00f9 tout le monde conna\u00eet votre nom, a ajout\u00e9 M. Villeneuve. C&#8217;est une rencontre amusante entre amis, et nous nous amusons toujours beaucoup.\u202f\u00bb\u202f<\/span><span data-ccp-props=\"{&quot;201341983&quot;:2,&quot;335551550&quot;:6,&quot;335551620&quot;:6,&quot;335559731&quot;:240,&quot;335559739&quot;:0,&quot;335559740&quot;:240}\">\u00a0<\/span><\/p>\n<p><span data-contrast=\"none\">\u202f\u202f\u202f\u202fLa ligue joue deux soirs dans ses nouveaux locaux. Le lundi soir, elle compte 40 membres, et le jeudi soir, 48 personnes y participent habituellement.\u202fLes parties commencent \u00e0 18\u202fh\u202f30 et la ligue d\u00e9bute la premi\u00e8re semaine de mai et se termine \u00e0 la mi-septembre.\u202f<\/span><span data-ccp-props=\"{&quot;201341983&quot;:2,&quot;335551550&quot;:6,&quot;335551620&quot;:6,&quot;335559731&quot;:240,&quot;335559739&quot;:0,&quot;335559740&quot;:240}\">\u00a0<\/span><\/p>\n<p><span data-contrast=\"none\">\u202f\u202f<\/span><span data-contrast=\"none\">\u00ab\u202fC&#8217;est plus ouvert, et quand les gens passent devant ou en voiture, ils peuvent \u00eatre curieux et se demander ce qui se passe l\u00e0-bas, a d\u00e9clar\u00e9 M. Villeneuve. C&#8217;est une ligue qui existe depuis longtemps et qui est devenue un lieu important o\u00f9 les gens se rassemblent et s&#8217;amusent entre amis.\u202f\u00bb<\/span><span data-ccp-props=\"{&quot;201341983&quot;:2,&quot;335551550&quot;:6,&quot;335551620&quot;:6,&quot;335559731&quot;:240,&quot;335559739&quot;:0,&quot;335559740&quot;:240}\">\u00a0<\/span><\/p>\n<p><span data-contrast=\"none\">Les membres de la ligue esp\u00e8rent que le nouvel emplacement attirera de nouveaux joueurs et des joueurs plus jeunes, qui aideront \u00e0 maintenir la ligue.\u202f<\/span><span data-ccp-props=\"{&quot;201341983&quot;:2,&quot;335551550&quot;:6,&quot;335551620&quot;:6,&quot;335559731&quot;:240,&quot;335559739&quot;:0,&quot;335559740&quot;:240}\">\u00a0<\/span><\/p>\n","protected":false},"excerpt":{"rendered":"<p>Une toute nouvelle saison bat son plein pour la ligue de fer \u00e0 cheval de Rockland mais les membres de la ligue ont une autre raison de se r\u00e9jouir.\u202f\u00a0 \u202f\u202f\u202f\u202fLa ligue a un nouveau domicile pour 2024. Les membres joueront au Parc Simon, dans une zone situ\u00e9e entre l&#8217;ar\u00e9na Jean Marc Lalonde et un terrain [&hellip;]<\/p>\n","protected":false},"author":27,"featured_media":100245,"comment_status":"closed","ping_status":"open","sticky":false,"template":"","format":"standard","meta":{"_acf_changed":false,"footnotes":""},"categories":[38],"tags":[],"class_list":["post-100243","post","type-post","status-publish","format-standard","has-post-thumbnail","hentry","category-sports-loisirs"],"acf":[],"featured_media_global":[],"yoast_head":"<!-- This site is optimized with the Yoast SEO plugin v27.4 - https:\/\/yoast.com\/product\/yoast-seo-wordpress\/ -->\n<title>La ligue de fer \u00e0 cheval a un nouveau si\u00e8ge \u00e0 Rockland\u202f - Vision<\/title>\n<meta name=\"description\" content=\"Une toute nouvelle saison bat son plein pour la ligue de fer \u00e0 cheval de Rockland mais les membres de la ligue ont une autre raison de se r\u00e9jouir.\u202f\u00a0\" \/>\n<meta name=\"robots\" content=\"index, follow, max-snippet:-1, max-image-preview:large, max-video-preview:-1\" \/>\n<link rel=\"canonical\" href=\"https:\/\/visionrockland.ca\/en\/sports-loisirs\/la-ligue-de-fer-a-cheval-a-un-nouveau-siege-a-rockland\/\" \/>\n<meta property=\"og:locale\" content=\"en_US\" \/>\n<meta property=\"og:type\" content=\"article\" \/>\n<meta property=\"og:title\" content=\"La ligue de fer \u00e0 cheval a un nouveau si\u00e8ge \u00e0 Rockland\u202f - Vision\" \/>\n<meta property=\"og:description\" content=\"Une toute nouvelle saison bat son plein pour la ligue de fer \u00e0 cheval de Rockland mais les membres de la ligue ont une autre raison de se r\u00e9jouir.\u202f\u00a0\" \/>\n<meta property=\"og:url\" content=\"https:\/\/visionrockland.ca\/en\/sports-loisirs\/la-ligue-de-fer-a-cheval-a-un-nouveau-siege-a-rockland\/\" \/>\n<meta property=\"og:site_name\" content=\"Vision\" \/>\n<meta property=\"article:published_time\" content=\"2024-06-05T16:53:08+00:00\" \/>\n<meta property=\"article:modified_time\" content=\"2026-02-17T19:52:08+00:00\" \/>\n<meta property=\"og:image\" content=\"https:\/\/cdn.editionap.ca\/wp-content\/uploads\/sites\/3\/2024\/06\/horseshoe-club-scaled-1.jpg\" \/>\n\t<meta property=\"og:image:width\" content=\"1920\" \/>\n\t<meta property=\"og:image:height\" content=\"2560\" \/>\n\t<meta property=\"og:image:type\" content=\"image\/jpeg\" \/>\n<meta name=\"author\" content=\"Anil Jhalli\" \/>\n<meta name=\"twitter:card\" content=\"summary_large_image\" \/>\n<meta name=\"twitter:label1\" content=\"Written by\" \/>\n\t<meta name=\"twitter:data1\" content=\"Anil Jhalli\" \/>\n\t<meta name=\"twitter:label2\" content=\"Est. reading time\" \/>\n\t<meta name=\"twitter:data2\" content=\"3 minutes\" \/>\n<script type=\"application\/ld+json\" class=\"yoast-schema-graph\">{\"@context\":\"https:\\\/\\\/schema.org\",\"@graph\":[{\"@type\":\"Article\",\"@id\":\"https:\\\/\\\/visionrockland.ca\\\/en\\\/sports-loisirs\\\/la-ligue-de-fer-a-cheval-a-un-nouveau-siege-a-rockland\\\/#article\",\"isPartOf\":{\"@id\":\"https:\\\/\\\/visionrockland.ca\\\/en\\\/sports-loisirs\\\/la-ligue-de-fer-a-cheval-a-un-nouveau-siege-a-rockland\\\/\"},\"author\":{\"name\":\"Anil Jhalli\",\"@id\":\"https:\\\/\\\/visionrockland.ca\\\/en\\\/#\\\/schema\\\/person\\\/a09095fdf65e09e747105760fe90175c\"},\"headline\":\"La ligue de fer \u00e0 cheval a un nouveau si\u00e8ge \u00e0 Rockland\u202f\",\"datePublished\":\"2024-06-05T16:53:08+00:00\",\"dateModified\":\"2026-02-17T19:52:08+00:00\",\"mainEntityOfPage\":{\"@id\":\"https:\\\/\\\/visionrockland.ca\\\/en\\\/sports-loisirs\\\/la-ligue-de-fer-a-cheval-a-un-nouveau-siege-a-rockland\\\/\"},\"wordCount\":384,\"image\":{\"@id\":\"https:\\\/\\\/visionrockland.ca\\\/en\\\/sports-loisirs\\\/la-ligue-de-fer-a-cheval-a-un-nouveau-siege-a-rockland\\\/#primaryimage\"},\"thumbnailUrl\":\"https:\\\/\\\/cdn.editionap.ca\\\/wp-content\\\/uploads\\\/sites\\\/3\\\/2024\\\/06\\\/horseshoe-club-scaled-1.jpg\",\"articleSection\":[\"Sports et loisirs\"],\"inLanguage\":\"en-US\"},{\"@type\":\"WebPage\",\"@id\":\"https:\\\/\\\/visionrockland.ca\\\/en\\\/sports-loisirs\\\/la-ligue-de-fer-a-cheval-a-un-nouveau-siege-a-rockland\\\/\",\"url\":\"https:\\\/\\\/visionrockland.ca\\\/en\\\/sports-loisirs\\\/la-ligue-de-fer-a-cheval-a-un-nouveau-siege-a-rockland\\\/\",\"name\":\"La ligue de fer \u00e0 cheval a un nouveau si\u00e8ge \u00e0 Rockland\u202f - Vision\",\"isPartOf\":{\"@id\":\"https:\\\/\\\/visionrockland.ca\\\/en\\\/#website\"},\"primaryImageOfPage\":{\"@id\":\"https:\\\/\\\/visionrockland.ca\\\/en\\\/sports-loisirs\\\/la-ligue-de-fer-a-cheval-a-un-nouveau-siege-a-rockland\\\/#primaryimage\"},\"image\":{\"@id\":\"https:\\\/\\\/visionrockland.ca\\\/en\\\/sports-loisirs\\\/la-ligue-de-fer-a-cheval-a-un-nouveau-siege-a-rockland\\\/#primaryimage\"},\"thumbnailUrl\":\"https:\\\/\\\/cdn.editionap.ca\\\/wp-content\\\/uploads\\\/sites\\\/3\\\/2024\\\/06\\\/horseshoe-club-scaled-1.jpg\",\"datePublished\":\"2024-06-05T16:53:08+00:00\",\"dateModified\":\"2026-02-17T19:52:08+00:00\",\"author\":{\"@id\":\"https:\\\/\\\/visionrockland.ca\\\/en\\\/#\\\/schema\\\/person\\\/a09095fdf65e09e747105760fe90175c\"},\"description\":\"Une toute nouvelle saison bat son plein pour la ligue de fer \u00e0 cheval de Rockland mais les membres de la ligue ont une autre raison de se r\u00e9jouir.\u202f\u00a0\",\"breadcrumb\":{\"@id\":\"https:\\\/\\\/visionrockland.ca\\\/en\\\/sports-loisirs\\\/la-ligue-de-fer-a-cheval-a-un-nouveau-siege-a-rockland\\\/#breadcrumb\"},\"inLanguage\":\"en-US\",\"potentialAction\":[{\"@type\":\"ReadAction\",\"target\":[\"https:\\\/\\\/visionrockland.ca\\\/en\\\/sports-loisirs\\\/la-ligue-de-fer-a-cheval-a-un-nouveau-siege-a-rockland\\\/\"]}]},{\"@type\":\"ImageObject\",\"inLanguage\":\"en-US\",\"@id\":\"https:\\\/\\\/visionrockland.ca\\\/en\\\/sports-loisirs\\\/la-ligue-de-fer-a-cheval-a-un-nouveau-siege-a-rockland\\\/#primaryimage\",\"url\":\"https:\\\/\\\/cdn.editionap.ca\\\/wp-content\\\/uploads\\\/sites\\\/3\\\/2024\\\/06\\\/horseshoe-club-scaled-1.jpg\",\"contentUrl\":\"https:\\\/\\\/cdn.editionap.ca\\\/wp-content\\\/uploads\\\/sites\\\/3\\\/2024\\\/06\\\/horseshoe-club-scaled-1.jpg\",\"width\":1920,\"height\":2560,\"caption\":\"Louis Villeneuve effectue quelques rondes de pratique avant le d\u00e9but de la ligue de fer \u00e0 cheval de Rockland, le lundi 4 juin. La ligue se d\u00e9roule deux jours par semaine, les lundis et jeudis, \u00e0 son nouveau domicile situ\u00e9 entre l'ar\u00e9na Jean Marc Lalonde et un terrain de baseball au Parc Simon.\"},{\"@type\":\"BreadcrumbList\",\"@id\":\"https:\\\/\\\/visionrockland.ca\\\/en\\\/sports-loisirs\\\/la-ligue-de-fer-a-cheval-a-un-nouveau-siege-a-rockland\\\/#breadcrumb\",\"itemListElement\":[{\"@type\":\"ListItem\",\"position\":1,\"name\":\"Accueil\",\"item\":\"https:\\\/\\\/visionrockland.ca\\\/en\\\/\"},{\"@type\":\"ListItem\",\"position\":2,\"name\":\"La ligue de fer \u00e0 cheval a un nouveau si\u00e8ge \u00e0 Rockland\u202f\"}]},{\"@type\":\"WebSite\",\"@id\":\"https:\\\/\\\/visionrockland.ca\\\/en\\\/#website\",\"url\":\"https:\\\/\\\/visionrockland.ca\\\/en\\\/\",\"name\":\"Vision\",\"description\":\"\",\"potentialAction\":[{\"@type\":\"SearchAction\",\"target\":{\"@type\":\"EntryPoint\",\"urlTemplate\":\"https:\\\/\\\/visionrockland.ca\\\/en\\\/?s={search_term_string}\"},\"query-input\":{\"@type\":\"PropertyValueSpecification\",\"valueRequired\":true,\"valueName\":\"search_term_string\"}}],\"inLanguage\":\"en-US\"},{\"@type\":\"Person\",\"@id\":\"https:\\\/\\\/visionrockland.ca\\\/en\\\/#\\\/schema\\\/person\\\/a09095fdf65e09e747105760fe90175c\",\"name\":\"Anil Jhalli\",\"image\":{\"@type\":\"ImageObject\",\"inLanguage\":\"en-US\",\"@id\":\"https:\\\/\\\/secure.gravatar.com\\\/avatar\\\/63becc64fff8877a05400459aa003b94a1fdc8d3954acacc688ee6a2bc39fef8?s=96&d=mm&r=g\",\"url\":\"https:\\\/\\\/secure.gravatar.com\\\/avatar\\\/63becc64fff8877a05400459aa003b94a1fdc8d3954acacc688ee6a2bc39fef8?s=96&d=mm&r=g\",\"contentUrl\":\"https:\\\/\\\/secure.gravatar.com\\\/avatar\\\/63becc64fff8877a05400459aa003b94a1fdc8d3954acacc688ee6a2bc39fef8?s=96&d=mm&r=g\",\"caption\":\"Anil Jhalli\"}}]}<\/script>\n<!-- \/ Yoast SEO plugin. -->","yoast_head_json":{"title":"La ligue de fer \u00e0 cheval a un nouveau si\u00e8ge \u00e0 Rockland\u202f - Vision","description":"Une toute nouvelle saison bat son plein pour la ligue de fer \u00e0 cheval de Rockland mais les membres de la ligue ont une autre raison de se r\u00e9jouir.\u202f\u00a0","robots":{"index":"index","follow":"follow","max-snippet":"max-snippet:-1","max-image-preview":"max-image-preview:large","max-video-preview":"max-video-preview:-1"},"canonical":"https:\/\/visionrockland.ca\/en\/sports-loisirs\/la-ligue-de-fer-a-cheval-a-un-nouveau-siege-a-rockland\/","og_locale":"en_US","og_type":"article","og_title":"La ligue de fer \u00e0 cheval a un nouveau si\u00e8ge \u00e0 Rockland\u202f - Vision","og_description":"Une toute nouvelle saison bat son plein pour la ligue de fer \u00e0 cheval de Rockland mais les membres de la ligue ont une autre raison de se r\u00e9jouir.\u202f\u00a0","og_url":"https:\/\/visionrockland.ca\/en\/sports-loisirs\/la-ligue-de-fer-a-cheval-a-un-nouveau-siege-a-rockland\/","og_site_name":"Vision","article_published_time":"2024-06-05T16:53:08+00:00","article_modified_time":"2026-02-17T19:52:08+00:00","og_image":[{"width":1920,"height":2560,"url":"https:\/\/cdn.editionap.ca\/wp-content\/uploads\/sites\/3\/2024\/06\/horseshoe-club-scaled-1.jpg","type":"image\/jpeg"}],"author":"Anil Jhalli","twitter_card":"summary_large_image","twitter_misc":{"Written by":"Anil Jhalli","Est. reading time":"3 minutes"},"schema":{"@context":"https:\/\/schema.org","@graph":[{"@type":"Article","@id":"https:\/\/visionrockland.ca\/en\/sports-loisirs\/la-ligue-de-fer-a-cheval-a-un-nouveau-siege-a-rockland\/#article","isPartOf":{"@id":"https:\/\/visionrockland.ca\/en\/sports-loisirs\/la-ligue-de-fer-a-cheval-a-un-nouveau-siege-a-rockland\/"},"author":{"name":"Anil Jhalli","@id":"https:\/\/visionrockland.ca\/en\/#\/schema\/person\/a09095fdf65e09e747105760fe90175c"},"headline":"La ligue de fer \u00e0 cheval a un nouveau si\u00e8ge \u00e0 Rockland\u202f","datePublished":"2024-06-05T16:53:08+00:00","dateModified":"2026-02-17T19:52:08+00:00","mainEntityOfPage":{"@id":"https:\/\/visionrockland.ca\/en\/sports-loisirs\/la-ligue-de-fer-a-cheval-a-un-nouveau-siege-a-rockland\/"},"wordCount":384,"image":{"@id":"https:\/\/visionrockland.ca\/en\/sports-loisirs\/la-ligue-de-fer-a-cheval-a-un-nouveau-siege-a-rockland\/#primaryimage"},"thumbnailUrl":"https:\/\/cdn.editionap.ca\/wp-content\/uploads\/sites\/3\/2024\/06\/horseshoe-club-scaled-1.jpg","articleSection":["Sports et loisirs"],"inLanguage":"en-US"},{"@type":"WebPage","@id":"https:\/\/visionrockland.ca\/en\/sports-loisirs\/la-ligue-de-fer-a-cheval-a-un-nouveau-siege-a-rockland\/","url":"https:\/\/visionrockland.ca\/en\/sports-loisirs\/la-ligue-de-fer-a-cheval-a-un-nouveau-siege-a-rockland\/","name":"La ligue de fer \u00e0 cheval a un nouveau si\u00e8ge \u00e0 Rockland\u202f - Vision","isPartOf":{"@id":"https:\/\/visionrockland.ca\/en\/#website"},"primaryImageOfPage":{"@id":"https:\/\/visionrockland.ca\/en\/sports-loisirs\/la-ligue-de-fer-a-cheval-a-un-nouveau-siege-a-rockland\/#primaryimage"},"image":{"@id":"https:\/\/visionrockland.ca\/en\/sports-loisirs\/la-ligue-de-fer-a-cheval-a-un-nouveau-siege-a-rockland\/#primaryimage"},"thumbnailUrl":"https:\/\/cdn.editionap.ca\/wp-content\/uploads\/sites\/3\/2024\/06\/horseshoe-club-scaled-1.jpg","datePublished":"2024-06-05T16:53:08+00:00","dateModified":"2026-02-17T19:52:08+00:00","author":{"@id":"https:\/\/visionrockland.ca\/en\/#\/schema\/person\/a09095fdf65e09e747105760fe90175c"},"description":"Une toute nouvelle saison bat son plein pour la ligue de fer \u00e0 cheval de Rockland mais les membres de la ligue ont une autre raison de se r\u00e9jouir.\u202f\u00a0","breadcrumb":{"@id":"https:\/\/visionrockland.ca\/en\/sports-loisirs\/la-ligue-de-fer-a-cheval-a-un-nouveau-siege-a-rockland\/#breadcrumb"},"inLanguage":"en-US","potentialAction":[{"@type":"ReadAction","target":["https:\/\/visionrockland.ca\/en\/sports-loisirs\/la-ligue-de-fer-a-cheval-a-un-nouveau-siege-a-rockland\/"]}]},{"@type":"ImageObject","inLanguage":"en-US","@id":"https:\/\/visionrockland.ca\/en\/sports-loisirs\/la-ligue-de-fer-a-cheval-a-un-nouveau-siege-a-rockland\/#primaryimage","url":"https:\/\/cdn.editionap.ca\/wp-content\/uploads\/sites\/3\/2024\/06\/horseshoe-club-scaled-1.jpg","contentUrl":"https:\/\/cdn.editionap.ca\/wp-content\/uploads\/sites\/3\/2024\/06\/horseshoe-club-scaled-1.jpg","width":1920,"height":2560,"caption":"Louis Villeneuve effectue quelques rondes de pratique avant le d\u00e9but de la ligue de fer \u00e0 cheval de Rockland, le lundi 4 juin. La ligue se d\u00e9roule deux jours par semaine, les lundis et jeudis, \u00e0 son nouveau domicile situ\u00e9 entre l'ar\u00e9na Jean Marc Lalonde et un terrain de baseball au Parc Simon."},{"@type":"BreadcrumbList","@id":"https:\/\/visionrockland.ca\/en\/sports-loisirs\/la-ligue-de-fer-a-cheval-a-un-nouveau-siege-a-rockland\/#breadcrumb","itemListElement":[{"@type":"ListItem","position":1,"name":"Accueil","item":"https:\/\/visionrockland.ca\/en\/"},{"@type":"ListItem","position":2,"name":"La ligue de fer \u00e0 cheval a un nouveau si\u00e8ge \u00e0 Rockland\u202f"}]},{"@type":"WebSite","@id":"https:\/\/visionrockland.ca\/en\/#website","url":"https:\/\/visionrockland.ca\/en\/","name":"Vision","description":"","potentialAction":[{"@type":"SearchAction","target":{"@type":"EntryPoint","urlTemplate":"https:\/\/visionrockland.ca\/en\/?s={search_term_string}"},"query-input":{"@type":"PropertyValueSpecification","valueRequired":true,"valueName":"search_term_string"}}],"inLanguage":"en-US"},{"@type":"Person","@id":"https:\/\/visionrockland.ca\/en\/#\/schema\/person\/a09095fdf65e09e747105760fe90175c","name":"Anil Jhalli","image":{"@type":"ImageObject","inLanguage":"en-US","@id":"https:\/\/secure.gravatar.com\/avatar\/63becc64fff8877a05400459aa003b94a1fdc8d3954acacc688ee6a2bc39fef8?s=96&d=mm&r=g","url":"https:\/\/secure.gravatar.com\/avatar\/63becc64fff8877a05400459aa003b94a1fdc8d3954acacc688ee6a2bc39fef8?s=96&d=mm&r=g","contentUrl":"https:\/\/secure.gravatar.com\/avatar\/63becc64fff8877a05400459aa003b94a1fdc8d3954acacc688ee6a2bc39fef8?s=96&d=mm&r=g","caption":"Anil Jhalli"}}]}},"_links":{"self":[{"href":"https:\/\/visionrockland.ca\/en\/wp-json\/wp\/v2\/posts\/100243","targetHints":{"allow":["GET"]}}],"collection":[{"href":"https:\/\/visionrockland.ca\/en\/wp-json\/wp\/v2\/posts"}],"about":[{"href":"https:\/\/visionrockland.ca\/en\/wp-json\/wp\/v2\/types\/post"}],"author":[{"embeddable":true,"href":"https:\/\/visionrockland.ca\/en\/wp-json\/wp\/v2\/users\/27"}],"replies":[{"embeddable":true,"href":"https:\/\/visionrockland.ca\/en\/wp-json\/wp\/v2\/comments?post=100243"}],"version-history":[{"count":1,"href":"https:\/\/visionrockland.ca\/en\/wp-json\/wp\/v2\/posts\/100243\/revisions"}],"predecessor-version":[{"id":132505,"href":"https:\/\/visionrockland.ca\/en\/wp-json\/wp\/v2\/posts\/100243\/revisions\/132505"}],"wp:featuredmedia":[{"embeddable":true,"href":"https:\/\/visionrockland.ca\/en\/wp-json\/wp\/v2\/media\/100245"}],"wp:attachment":[{"href":"https:\/\/visionrockland.ca\/en\/wp-json\/wp\/v2\/media?parent=100243"}],"wp:term":[{"taxonomy":"category","embeddable":true,"href":"https:\/\/visionrockland.ca\/en\/wp-json\/wp\/v2\/categories?post=100243"},{"taxonomy":"post_tag","embeddable":true,"href":"https:\/\/visionrockland.ca\/en\/wp-json\/wp\/v2\/tags?post=100243"}],"curies":[{"name":"wp","href":"https:\/\/api.w.org\/{rel}","templated":true}]}}