{"id":100071,"date":"2024-05-15T14:15:03","date_gmt":"2024-05-15T18:15:03","guid":{"rendered":"https:\/\/editionap.ca\/?p=100071"},"modified":"2026-02-17T20:52:08","modified_gmt":"2026-02-17T19:52:08","slug":"fusillade-meurtriere-de-bourget-un-an-apres-2","status":"publish","type":"post","link":"https:\/\/visionrockland.ca\/en\/sports-loisirs\/fusillade-meurtriere-de-bourget-un-an-apres-2\/","title":{"rendered":"Une journ\u00e9e portes ouvertes d\u00e9taille les plans d&#8217;un nouveau projet d&#8217;installation sportive \u00e0 Rockland"},"content":{"rendered":"<p><b><span data-contrast=\"none\">La Cit\u00e9 de Clarence-Rockland et Rockland Racket Sports ont organis\u00e9 une journ\u00e9e portes ouvertes, le mardi 7 mai, afin de pr\u00e9senter en d\u00e9tail les plans d&#8217;un important centre de tennis dans la communaut\u00e9. \u202f<\/span><\/b><span data-ccp-props=\"{&quot;201341983&quot;:2,&quot;335551550&quot;:6,&quot;335551620&quot;:6,&quot;335559731&quot;:240,&quot;335559739&quot;:0,&quot;335559740&quot;:240}\">\u00a0<\/span><\/p>\n<p><span data-contrast=\"none\">\u202fEn janvier de cette ann\u00e9e, la Cit\u00e9 et l&#8217;organisation sportive locale ont sign\u00e9 un protocole d&#8217;entente pour la construction d&#8217;une installation r\u00e9cr\u00e9ative multisports de grande envergure \u00e0 Rockland.\u202f\u202f<\/span><span data-ccp-props=\"{&quot;201341983&quot;:2,&quot;335551550&quot;:6,&quot;335551620&quot;:6,&quot;335559731&quot;:240,&quot;335559739&quot;:0,&quot;335559740&quot;:240}\">\u00a0<\/span><\/p>\n<p><span data-contrast=\"none\">Tel que pr\u00e9sent\u00e9 \u00e0 la Ville l&#8217;an dernier, le projet sera situ\u00e9 dans le parc industriel de Rockland, \u00e0 proximit\u00e9 de l&#8217;ar\u00e9na de Clarence-Rockland et de l&#8217;Acad\u00e9mie internationale de hockey du Canada (CIH), le long de la route de comt\u00e9 17.<\/span><span data-contrast=\"none\">\u202f\u202f<\/span><span data-contrast=\"none\">\u202f\u202f<\/span><span data-ccp-props=\"{&quot;201341983&quot;:2,&quot;335551550&quot;:6,&quot;335551620&quot;:6,&quot;335559731&quot;:240,&quot;335559739&quot;:0,&quot;335559740&quot;:240}\">\u00a0<\/span><\/p>\n<p><span data-contrast=\"none\">Repr\u00e9sentant un investissement de plus de 20 millions de dollars dans la communaut\u00e9, la premi\u00e8re phase du partenariat public-priv\u00e9 permettra la construction d&#8217;une installation de deux millions de dollars comprenant 14 courts de pickleball, un pavillon ext\u00e9rieur pour les spectateurs et un d\u00f4me pour quatre courts de tennis int\u00e9rieurs.\u202f\u202f<\/span><span data-ccp-props=\"{&quot;201341983&quot;:2,&quot;335551550&quot;:6,&quot;335551620&quot;:6,&quot;335559731&quot;:240,&quot;335559739&quot;:0,&quot;335559740&quot;:240}\">\u00a0<\/span><\/p>\n<p><span data-contrast=\"none\">La ville transf\u00e8re environ trois acres de terrain \u00e0 Rockland Racket Sports, propri\u00e9t\u00e9 d&#8217;Aaron Merkel et Brad Cartier, hommes d&#8217;affaires r\u00e9put\u00e9s de Clarence-Rockland, pour la construction de l&#8217;installation.<\/span><span data-contrast=\"none\">\u202f<\/span><span data-contrast=\"none\">\u202f<\/span><span data-ccp-props=\"{&quot;201341983&quot;:2,&quot;335551550&quot;:6,&quot;335551620&quot;:6,&quot;335559731&quot;:240,&quot;335559739&quot;:0,&quot;335559740&quot;:240}\">\u00a0<\/span><\/p>\n<p><span data-contrast=\"none\">\u00ab\u202fNotre objectif est de faire de notre mieux pour obtenir le meilleur r\u00e9sultat possible pour la communaut\u00e9, a d\u00e9clar\u00e9 Aaron Merkel lors de la journ\u00e9e portes ouvertes organis\u00e9e la semaine derni\u00e8re dans la salle Optimiste Performance. Je vis dans cette communaut\u00e9. Je ne suis pas un gars de Toronto qui va venir ici, faire quelque chose, puis repartir.\u202f\u00bb\u202f\u202f<\/span><span data-ccp-props=\"{&quot;201341983&quot;:2,&quot;335551550&quot;:6,&quot;335551620&quot;:6,&quot;335559731&quot;:240,&quot;335559739&quot;:0,&quot;335559740&quot;:240}\">\u00a0<\/span><\/p>\n<p><span data-contrast=\"none\">La construction de la premi\u00e8re phase devrait commencer cet \u00e9t\u00e9, et l&#8217;inscription des membres ainsi que l&#8217;acc\u00e8s \u00e0 la communaut\u00e9 devraient avoir lieu \u00e0 la fin de l&#8217;automne ou au d\u00e9but de l&#8217;hiver.\u202f\u202f\u202f<\/span><span data-ccp-props=\"{&quot;201341983&quot;:2,&quot;335551550&quot;:6,&quot;335551620&quot;:6,&quot;335559731&quot;:240,&quot;335559739&quot;:0,&quot;335559740&quot;:240}\">\u00a0<\/span><\/p>\n<p><span data-contrast=\"none\">Mme Merkel a fait remarquer que les principales pr\u00e9occupations des habitants qui ont particip\u00e9 \u00e0 la journ\u00e9e portes ouvertes concernaient le bruit, le stationnement et l&#8217;acc\u00e8s \u00e0 la nouvelle installation.\u202f\u202f<\/span><span data-ccp-props=\"{&quot;201341983&quot;:2,&quot;335551550&quot;:6,&quot;335551620&quot;:6,&quot;335559731&quot;:240,&quot;335559739&quot;:0,&quot;335559740&quot;:240}\">\u00a0<\/span><\/p>\n<p><span data-contrast=\"none\">\u00ab\u202fJe pense que nous avons r\u00e9pondu \u00e0 une grande partie des pr\u00e9occupations concernant le bruit en installant un d\u00f4me et en le pla\u00e7ant \u00e0 proximit\u00e9 d&#8217;un espace commercial, a d\u00e9clar\u00e9 M. Merkel. Si vous faites partie de la communaut\u00e9, vous devez avoir votre mot \u00e0 dire. Avec une planification et une mise en \u0153uvre correctes, nous pouvons faire de ce projet une r\u00e9ussite.\u202f\u00bb\u202f<\/span><span data-ccp-props=\"{&quot;201341983&quot;:2,&quot;335551550&quot;:6,&quot;335551620&quot;:6,&quot;335559731&quot;:240,&quot;335559739&quot;:0,&quot;335559740&quot;:240}\">\u00a0<\/span><\/p>\n<p><span data-contrast=\"none\">La deuxi\u00e8me phase du projet est la construction d&#8217;une Acad\u00e9mie de tennis. Comme le CIH, l&#8217;Acad\u00e9mie de tennis comprendra des dortoirs, des services de restauration, des commerces de d\u00e9tail et des salles de sport o\u00f9 les athl\u00e8tes locaux et internationaux pourront s&#8217;entra\u00eener et se loger.\u202f\u202f\u202f<\/span><span data-ccp-props=\"{&quot;201341983&quot;:2,&quot;335551550&quot;:6,&quot;335551620&quot;:6,&quot;335559731&quot;:240,&quot;335559739&quot;:0,&quot;335559740&quot;:240}\">\u00a0<\/span><\/p>\n<p><span data-contrast=\"none\">La valeur de l&#8217;acad\u00e9mie est estim\u00e9e \u00e0 environ 18 millions de dollars. La construction de la deuxi\u00e8me phase d\u00e9butera en 2025.<\/span><span data-contrast=\"none\">\u202f<\/span><span data-contrast=\"none\">\u202f<\/span><span data-ccp-props=\"{&quot;201341983&quot;:2,&quot;335551550&quot;:6,&quot;335551620&quot;:6,&quot;335559731&quot;:240,&quot;335559739&quot;:0,&quot;335559740&quot;:240}\">\u00a0<\/span><\/p>\n<p><span data-contrast=\"none\">Robert et Christine Gelfand esp\u00e9raient pouvoir discuter un peu plus de la deuxi\u00e8me phase lors de la journ\u00e9e portes ouvertes.\u202f\u202f<\/span><span data-ccp-props=\"{&quot;201341983&quot;:2,&quot;335551550&quot;:6,&quot;335551620&quot;:6,&quot;335559731&quot;:240,&quot;335559739&quot;:0,&quot;335559740&quot;:240}\">\u00a0<\/span><\/p>\n<p><span data-contrast=\"none\">Mme Merkel a toutefois fait remarquer que la journ\u00e9e portes ouvertes n&#8217;\u00e9tait ax\u00e9e que sur la premi\u00e8re phase.\u202f\u202f\u202f<\/span><span data-ccp-props=\"{&quot;201341983&quot;:2,&quot;335551550&quot;:6,&quot;335551620&quot;:6,&quot;335559731&quot;:240,&quot;335559739&quot;:0,&quot;335559740&quot;:240}\">\u00a0<\/span><\/p>\n<p><span data-contrast=\"none\">\u00ab\u202fNous aurions aim\u00e9 savoir ce qui nous attend, surtout en ce qui concerne la deuxi\u00e8me phase, a d\u00e9clar\u00e9 Christine. Qu&#8217;adviendra-t-il de l&#8217;espace vert\u202f? Les arbres seront-ils remplac\u00e9s\u202f?\u202f\u00bb\u202f\u202f<\/span><span data-ccp-props=\"{&quot;201341983&quot;:2,&quot;335551550&quot;:6,&quot;335551620&quot;:6,&quot;335559731&quot;:240,&quot;335559739&quot;:0,&quot;335559740&quot;:240}\">\u00a0<\/span><\/p>\n<p><span data-contrast=\"none\">Le couple, qui a d\u00e9m\u00e9nag\u00e9 d&#8217;Orl\u00e9ans \u00e0 Rockland, a d\u00e9clar\u00e9 que la zone situ\u00e9e \u00e0 proximit\u00e9 du complexe sportif propos\u00e9 est d\u00e9j\u00e0 suffisamment occup\u00e9e et que l&#8217;ajout d&#8217;un nouveau complexe sportif ne ferait qu&#8217;ajouter aux pr\u00e9occupations actuelles en mati\u00e8re de circulation.\u202f\u202f\u202f<\/span><span data-ccp-props=\"{&quot;201341983&quot;:2,&quot;335551550&quot;:6,&quot;335551620&quot;:6,&quot;335559731&quot;:240,&quot;335559739&quot;:0,&quot;335559740&quot;:240}\">\u00a0<\/span><\/p>\n<p><span data-contrast=\"none\">\u00ab\u202fNous avons tellement d&#8217;enfants qui rentrent de l&#8217;\u00e9cole et de propri\u00e9taires d&#8217;animaux qui prom\u00e8nent leurs chiens, a d\u00e9clar\u00e9 Christine. Que se passe-t-il si quelqu&#8217;un arrive en retard au tribunal\u202f? Il pourrait y avoir des probl\u00e8mes d&#8217;exc\u00e8s de vitesse.\u202f\u00bb\u202f\u202f<\/span><span data-ccp-props=\"{&quot;201341983&quot;:2,&quot;335551550&quot;:6,&quot;335551620&quot;:6,&quot;335559731&quot;:240,&quot;335559739&quot;:0,&quot;335559740&quot;:240}\">\u00a0<\/span><\/p>\n<p><span data-contrast=\"none\">Matthew Cragg, qui a d\u00e9m\u00e9nag\u00e9 \u00e0 Rockland il y a quatre ans avec sa famille, estime que les avantages d&#8217;une nouvelle installation sportive l&#8217;emportent sur les inconv\u00e9nients.\u202f\u202f<\/span><span data-ccp-props=\"{&quot;201341983&quot;:2,&quot;335551550&quot;:6,&quot;335551620&quot;:6,&quot;335559731&quot;:240,&quot;335559739&quot;:0,&quot;335559740&quot;:240}\">\u00a0<\/span><\/p>\n<p><span data-contrast=\"none\">\u00ab\u202fNous entendons souvent dire qu&#8217;il n&#8217;y a rien \u00e0 faire \u00e0 Rockland\u202f\u00bb, a-t-il ajout\u00e9. Cette option nous donne quelque chose \u00e0 faire et je m&#8217;en r\u00e9jouis. Je pense que c&#8217;est une bonne chose pour notre communaut\u00e9.\u202f\u00bb\u202f\u202f<\/span><span data-ccp-props=\"{&quot;201341983&quot;:2,&quot;335551550&quot;:6,&quot;335551620&quot;:6,&quot;335559731&quot;:240,&quot;335559739&quot;:0,&quot;335559740&quot;:240}\">\u00a0<\/span><\/p>\n<p><span data-contrast=\"none\">Dans le cadre de l&#8217;accord conclu avec la ville, Rockland Racket Sports offrira aux r\u00e9sidents de Clarence-Rockland une r\u00e9duction de 20\u202f% sur les frais d&#8217;adh\u00e9sion standard, ainsi qu&#8217;une r\u00e9duction de 25\u202f% sur la location des courts en dehors des heures de pointe. Les courts seront accessibles au public pendant au moins 70\u202f% du temps, selon le protocole d&#8217;entente entre la ville et Rockland Racket Sports.<\/span><span data-contrast=\"none\">\u202f<\/span><span data-contrast=\"none\">\u202f<\/span><span data-ccp-props=\"{&quot;201341983&quot;:2,&quot;335551550&quot;:6,&quot;335551620&quot;:6,&quot;335559731&quot;:240,&quot;335559739&quot;:0,&quot;335559740&quot;:240}\">\u00a0<\/span><\/p>\n<p><span data-contrast=\"none\">L&#8217;installation b\u00e9n\u00e9ficiera \u00e9galement d&#8217;un accord d&#8217;\u00e9quipement municipal, permettant \u00e0 la construction du b\u00e2timent d&#8217;\u00eatre exempt\u00e9e des frais de d\u00e9veloppement et des imp\u00f4ts fonciers de la municipalit\u00e9 et du conseil scolaire.<\/span><span data-contrast=\"none\">\u202f<\/span><span data-contrast=\"none\">\u202f<\/span><span data-ccp-props=\"{&quot;201341983&quot;:2,&quot;335551550&quot;:6,&quot;335551620&quot;:6,&quot;335559731&quot;:240,&quot;335559739&quot;:0,&quot;335559740&quot;:240}\">\u00a0<\/span><\/p>\n<p><span data-contrast=\"none\">\u202f<\/span><span data-ccp-props=\"{&quot;201341983&quot;:2,&quot;335551550&quot;:6,&quot;335551620&quot;:6,&quot;335559731&quot;:240,&quot;335559739&quot;:0,&quot;335559740&quot;:240}\">\u00a0<\/span><\/p>\n<p><span data-ccp-props=\"{&quot;201341983&quot;:2,&quot;335551550&quot;:6,&quot;335551620&quot;:6,&quot;335559731&quot;:240,&quot;335559739&quot;:0,&quot;335559740&quot;:240}\">\u00a0<\/span><\/p>\n","protected":false},"excerpt":{"rendered":"<p>La Cit\u00e9 de Clarence-Rockland et Rockland Racket Sports ont organis\u00e9 une journ\u00e9e portes ouvertes, le mardi 7 mai, afin de pr\u00e9senter en d\u00e9tail les plans d&#8217;un important centre de tennis dans la communaut\u00e9. \u202f\u00a0 \u202fEn janvier de cette ann\u00e9e, la Cit\u00e9 et l&#8217;organisation sportive locale ont sign\u00e9 un protocole d&#8217;entente pour la construction d&#8217;une installation [&hellip;]<\/p>\n","protected":false},"author":27,"featured_media":100072,"comment_status":"closed","ping_status":"open","sticky":false,"template":"","format":"standard","meta":{"_acf_changed":false,"footnotes":""},"categories":[38],"tags":[],"class_list":["post-100071","post","type-post","status-publish","format-standard","has-post-thumbnail","hentry","category-sports-loisirs"],"acf":[],"featured_media_global":[],"yoast_head":"<!-- This site is optimized with the Yoast SEO plugin v27.4 - https:\/\/yoast.com\/product\/yoast-seo-wordpress\/ -->\n<title>Une journ\u00e9e portes ouvertes d\u00e9taille les plans d&#039;un nouveau projet d&#039;installation sportive \u00e0 Rockland - Vision<\/title>\n<meta name=\"description\" content=\"La Cit\u00e9 de Clarence-Rockland et Rockland Racket Sports ont organis\u00e9 une journ\u00e9e portes ouvertes, le mardi 7 mai, afin de pr\u00e9senter en d\u00e9tail les plans d&#039;un important centre de tennis dans la communaut\u00e9.\" \/>\n<meta name=\"robots\" content=\"index, follow, max-snippet:-1, max-image-preview:large, max-video-preview:-1\" \/>\n<link rel=\"canonical\" href=\"https:\/\/visionrockland.ca\/en\/sports-loisirs\/fusillade-meurtriere-de-bourget-un-an-apres-2\/\" \/>\n<meta property=\"og:locale\" content=\"en_US\" \/>\n<meta property=\"og:type\" content=\"article\" \/>\n<meta property=\"og:title\" content=\"Une journ\u00e9e portes ouvertes d\u00e9taille les plans d&#039;un nouveau projet d&#039;installation sportive \u00e0 Rockland - Vision\" \/>\n<meta property=\"og:description\" content=\"La Cit\u00e9 de Clarence-Rockland et Rockland Racket Sports ont organis\u00e9 une journ\u00e9e portes ouvertes, le mardi 7 mai, afin de pr\u00e9senter en d\u00e9tail les plans d&#039;un important centre de tennis dans la communaut\u00e9.\" \/>\n<meta property=\"og:url\" content=\"https:\/\/visionrockland.ca\/en\/sports-loisirs\/fusillade-meurtriere-de-bourget-un-an-apres-2\/\" \/>\n<meta property=\"og:site_name\" content=\"Vision\" \/>\n<meta property=\"article:published_time\" content=\"2024-05-15T18:15:03+00:00\" \/>\n<meta property=\"article:modified_time\" content=\"2026-02-17T19:52:08+00:00\" \/>\n<meta property=\"og:image\" content=\"https:\/\/cdn.editionap.ca\/wp-content\/uploads\/sites\/3\/2024\/05\/Tennis-facility-open-house-scaled-1.jpeg\" \/>\n\t<meta property=\"og:image:width\" content=\"1920\" \/>\n\t<meta property=\"og:image:height\" content=\"2560\" \/>\n\t<meta property=\"og:image:type\" content=\"image\/jpeg\" \/>\n<meta name=\"author\" content=\"Anil Jhalli\" \/>\n<meta name=\"twitter:card\" content=\"summary_large_image\" \/>\n<meta name=\"twitter:label1\" content=\"Written by\" \/>\n\t<meta name=\"twitter:data1\" content=\"Anil Jhalli\" \/>\n\t<meta name=\"twitter:label2\" content=\"Est. reading time\" \/>\n\t<meta name=\"twitter:data2\" content=\"4 minutes\" \/>\n<script type=\"application\/ld+json\" class=\"yoast-schema-graph\">{\"@context\":\"https:\\\/\\\/schema.org\",\"@graph\":[{\"@type\":\"Article\",\"@id\":\"https:\\\/\\\/visionrockland.ca\\\/en\\\/sports-loisirs\\\/fusillade-meurtriere-de-bourget-un-an-apres-2\\\/#article\",\"isPartOf\":{\"@id\":\"https:\\\/\\\/visionrockland.ca\\\/en\\\/sports-loisirs\\\/fusillade-meurtriere-de-bourget-un-an-apres-2\\\/\"},\"author\":{\"name\":\"Anil Jhalli\",\"@id\":\"https:\\\/\\\/visionrockland.ca\\\/en\\\/#\\\/schema\\\/person\\\/a09095fdf65e09e747105760fe90175c\"},\"headline\":\"Une journ\u00e9e portes ouvertes d\u00e9taille les plans d&#8217;un nouveau projet d&#8217;installation sportive \u00e0 Rockland\",\"datePublished\":\"2024-05-15T18:15:03+00:00\",\"dateModified\":\"2026-02-17T19:52:08+00:00\",\"mainEntityOfPage\":{\"@id\":\"https:\\\/\\\/visionrockland.ca\\\/en\\\/sports-loisirs\\\/fusillade-meurtriere-de-bourget-un-an-apres-2\\\/\"},\"wordCount\":849,\"image\":{\"@id\":\"https:\\\/\\\/visionrockland.ca\\\/en\\\/sports-loisirs\\\/fusillade-meurtriere-de-bourget-un-an-apres-2\\\/#primaryimage\"},\"thumbnailUrl\":\"https:\\\/\\\/cdn.editionap.ca\\\/wp-content\\\/uploads\\\/sites\\\/3\\\/2024\\\/05\\\/Tennis-facility-open-house-scaled-1.jpeg\",\"articleSection\":[\"Sports et loisirs\"],\"inLanguage\":\"en-US\"},{\"@type\":\"WebPage\",\"@id\":\"https:\\\/\\\/visionrockland.ca\\\/en\\\/sports-loisirs\\\/fusillade-meurtriere-de-bourget-un-an-apres-2\\\/\",\"url\":\"https:\\\/\\\/visionrockland.ca\\\/en\\\/sports-loisirs\\\/fusillade-meurtriere-de-bourget-un-an-apres-2\\\/\",\"name\":\"Une journ\u00e9e portes ouvertes d\u00e9taille les plans d'un nouveau projet d'installation sportive \u00e0 Rockland - Vision\",\"isPartOf\":{\"@id\":\"https:\\\/\\\/visionrockland.ca\\\/en\\\/#website\"},\"primaryImageOfPage\":{\"@id\":\"https:\\\/\\\/visionrockland.ca\\\/en\\\/sports-loisirs\\\/fusillade-meurtriere-de-bourget-un-an-apres-2\\\/#primaryimage\"},\"image\":{\"@id\":\"https:\\\/\\\/visionrockland.ca\\\/en\\\/sports-loisirs\\\/fusillade-meurtriere-de-bourget-un-an-apres-2\\\/#primaryimage\"},\"thumbnailUrl\":\"https:\\\/\\\/cdn.editionap.ca\\\/wp-content\\\/uploads\\\/sites\\\/3\\\/2024\\\/05\\\/Tennis-facility-open-house-scaled-1.jpeg\",\"datePublished\":\"2024-05-15T18:15:03+00:00\",\"dateModified\":\"2026-02-17T19:52:08+00:00\",\"author\":{\"@id\":\"https:\\\/\\\/visionrockland.ca\\\/en\\\/#\\\/schema\\\/person\\\/a09095fdf65e09e747105760fe90175c\"},\"description\":\"La Cit\u00e9 de Clarence-Rockland et Rockland Racket Sports ont organis\u00e9 une journ\u00e9e portes ouvertes, le mardi 7 mai, afin de pr\u00e9senter en d\u00e9tail les plans d'un important centre de tennis dans la communaut\u00e9.\",\"breadcrumb\":{\"@id\":\"https:\\\/\\\/visionrockland.ca\\\/en\\\/sports-loisirs\\\/fusillade-meurtriere-de-bourget-un-an-apres-2\\\/#breadcrumb\"},\"inLanguage\":\"en-US\",\"potentialAction\":[{\"@type\":\"ReadAction\",\"target\":[\"https:\\\/\\\/visionrockland.ca\\\/en\\\/sports-loisirs\\\/fusillade-meurtriere-de-bourget-un-an-apres-2\\\/\"]}]},{\"@type\":\"ImageObject\",\"inLanguage\":\"en-US\",\"@id\":\"https:\\\/\\\/visionrockland.ca\\\/en\\\/sports-loisirs\\\/fusillade-meurtriere-de-bourget-un-an-apres-2\\\/#primaryimage\",\"url\":\"https:\\\/\\\/cdn.editionap.ca\\\/wp-content\\\/uploads\\\/sites\\\/3\\\/2024\\\/05\\\/Tennis-facility-open-house-scaled-1.jpeg\",\"contentUrl\":\"https:\\\/\\\/cdn.editionap.ca\\\/wp-content\\\/uploads\\\/sites\\\/3\\\/2024\\\/05\\\/Tennis-facility-open-house-scaled-1.jpeg\",\"width\":1920,\"height\":2560,\"caption\":\"La Cit\u00e9 de Clarence - Rockland a organis\u00e9 une journ\u00e9e portes ouvertes concernant la nouvelle installation sportive propos\u00e9e dans le parc industriel de Rockland, \u00e0 c\u00f4t\u00e9 de l'ar\u00e9na de Clarence -Rockland et de l'Acad\u00e9mie inte rnationale de hockey du Canada (CIH) le long de la route de comt\u00e9 17.\"},{\"@type\":\"BreadcrumbList\",\"@id\":\"https:\\\/\\\/visionrockland.ca\\\/en\\\/sports-loisirs\\\/fusillade-meurtriere-de-bourget-un-an-apres-2\\\/#breadcrumb\",\"itemListElement\":[{\"@type\":\"ListItem\",\"position\":1,\"name\":\"Accueil\",\"item\":\"https:\\\/\\\/visionrockland.ca\\\/en\\\/\"},{\"@type\":\"ListItem\",\"position\":2,\"name\":\"Une journ\u00e9e portes ouvertes d\u00e9taille les plans d&rsquo;un nouveau projet d&rsquo;installation sportive \u00e0 Rockland\"}]},{\"@type\":\"WebSite\",\"@id\":\"https:\\\/\\\/visionrockland.ca\\\/en\\\/#website\",\"url\":\"https:\\\/\\\/visionrockland.ca\\\/en\\\/\",\"name\":\"Vision\",\"description\":\"\",\"potentialAction\":[{\"@type\":\"SearchAction\",\"target\":{\"@type\":\"EntryPoint\",\"urlTemplate\":\"https:\\\/\\\/visionrockland.ca\\\/en\\\/?s={search_term_string}\"},\"query-input\":{\"@type\":\"PropertyValueSpecification\",\"valueRequired\":true,\"valueName\":\"search_term_string\"}}],\"inLanguage\":\"en-US\"},{\"@type\":\"Person\",\"@id\":\"https:\\\/\\\/visionrockland.ca\\\/en\\\/#\\\/schema\\\/person\\\/a09095fdf65e09e747105760fe90175c\",\"name\":\"Anil Jhalli\",\"image\":{\"@type\":\"ImageObject\",\"inLanguage\":\"en-US\",\"@id\":\"https:\\\/\\\/secure.gravatar.com\\\/avatar\\\/63becc64fff8877a05400459aa003b94a1fdc8d3954acacc688ee6a2bc39fef8?s=96&d=mm&r=g\",\"url\":\"https:\\\/\\\/secure.gravatar.com\\\/avatar\\\/63becc64fff8877a05400459aa003b94a1fdc8d3954acacc688ee6a2bc39fef8?s=96&d=mm&r=g\",\"contentUrl\":\"https:\\\/\\\/secure.gravatar.com\\\/avatar\\\/63becc64fff8877a05400459aa003b94a1fdc8d3954acacc688ee6a2bc39fef8?s=96&d=mm&r=g\",\"caption\":\"Anil Jhalli\"}}]}<\/script>\n<!-- \/ Yoast SEO plugin. -->","yoast_head_json":{"title":"Une journ\u00e9e portes ouvertes d\u00e9taille les plans d'un nouveau projet d'installation sportive \u00e0 Rockland - Vision","description":"La Cit\u00e9 de Clarence-Rockland et Rockland Racket Sports ont organis\u00e9 une journ\u00e9e portes ouvertes, le mardi 7 mai, afin de pr\u00e9senter en d\u00e9tail les plans d'un important centre de tennis dans la communaut\u00e9.","robots":{"index":"index","follow":"follow","max-snippet":"max-snippet:-1","max-image-preview":"max-image-preview:large","max-video-preview":"max-video-preview:-1"},"canonical":"https:\/\/visionrockland.ca\/en\/sports-loisirs\/fusillade-meurtriere-de-bourget-un-an-apres-2\/","og_locale":"en_US","og_type":"article","og_title":"Une journ\u00e9e portes ouvertes d\u00e9taille les plans d'un nouveau projet d'installation sportive \u00e0 Rockland - Vision","og_description":"La Cit\u00e9 de Clarence-Rockland et Rockland Racket Sports ont organis\u00e9 une journ\u00e9e portes ouvertes, le mardi 7 mai, afin de pr\u00e9senter en d\u00e9tail les plans d'un important centre de tennis dans la communaut\u00e9.","og_url":"https:\/\/visionrockland.ca\/en\/sports-loisirs\/fusillade-meurtriere-de-bourget-un-an-apres-2\/","og_site_name":"Vision","article_published_time":"2024-05-15T18:15:03+00:00","article_modified_time":"2026-02-17T19:52:08+00:00","og_image":[{"width":1920,"height":2560,"url":"https:\/\/cdn.editionap.ca\/wp-content\/uploads\/sites\/3\/2024\/05\/Tennis-facility-open-house-scaled-1.jpeg","type":"image\/jpeg"}],"author":"Anil Jhalli","twitter_card":"summary_large_image","twitter_misc":{"Written by":"Anil Jhalli","Est. reading time":"4 minutes"},"schema":{"@context":"https:\/\/schema.org","@graph":[{"@type":"Article","@id":"https:\/\/visionrockland.ca\/en\/sports-loisirs\/fusillade-meurtriere-de-bourget-un-an-apres-2\/#article","isPartOf":{"@id":"https:\/\/visionrockland.ca\/en\/sports-loisirs\/fusillade-meurtriere-de-bourget-un-an-apres-2\/"},"author":{"name":"Anil Jhalli","@id":"https:\/\/visionrockland.ca\/en\/#\/schema\/person\/a09095fdf65e09e747105760fe90175c"},"headline":"Une journ\u00e9e portes ouvertes d\u00e9taille les plans d&#8217;un nouveau projet d&#8217;installation sportive \u00e0 Rockland","datePublished":"2024-05-15T18:15:03+00:00","dateModified":"2026-02-17T19:52:08+00:00","mainEntityOfPage":{"@id":"https:\/\/visionrockland.ca\/en\/sports-loisirs\/fusillade-meurtriere-de-bourget-un-an-apres-2\/"},"wordCount":849,"image":{"@id":"https:\/\/visionrockland.ca\/en\/sports-loisirs\/fusillade-meurtriere-de-bourget-un-an-apres-2\/#primaryimage"},"thumbnailUrl":"https:\/\/cdn.editionap.ca\/wp-content\/uploads\/sites\/3\/2024\/05\/Tennis-facility-open-house-scaled-1.jpeg","articleSection":["Sports et loisirs"],"inLanguage":"en-US"},{"@type":"WebPage","@id":"https:\/\/visionrockland.ca\/en\/sports-loisirs\/fusillade-meurtriere-de-bourget-un-an-apres-2\/","url":"https:\/\/visionrockland.ca\/en\/sports-loisirs\/fusillade-meurtriere-de-bourget-un-an-apres-2\/","name":"Une journ\u00e9e portes ouvertes d\u00e9taille les plans d'un nouveau projet d'installation sportive \u00e0 Rockland - Vision","isPartOf":{"@id":"https:\/\/visionrockland.ca\/en\/#website"},"primaryImageOfPage":{"@id":"https:\/\/visionrockland.ca\/en\/sports-loisirs\/fusillade-meurtriere-de-bourget-un-an-apres-2\/#primaryimage"},"image":{"@id":"https:\/\/visionrockland.ca\/en\/sports-loisirs\/fusillade-meurtriere-de-bourget-un-an-apres-2\/#primaryimage"},"thumbnailUrl":"https:\/\/cdn.editionap.ca\/wp-content\/uploads\/sites\/3\/2024\/05\/Tennis-facility-open-house-scaled-1.jpeg","datePublished":"2024-05-15T18:15:03+00:00","dateModified":"2026-02-17T19:52:08+00:00","author":{"@id":"https:\/\/visionrockland.ca\/en\/#\/schema\/person\/a09095fdf65e09e747105760fe90175c"},"description":"La Cit\u00e9 de Clarence-Rockland et Rockland Racket Sports ont organis\u00e9 une journ\u00e9e portes ouvertes, le mardi 7 mai, afin de pr\u00e9senter en d\u00e9tail les plans d'un important centre de tennis dans la communaut\u00e9.","breadcrumb":{"@id":"https:\/\/visionrockland.ca\/en\/sports-loisirs\/fusillade-meurtriere-de-bourget-un-an-apres-2\/#breadcrumb"},"inLanguage":"en-US","potentialAction":[{"@type":"ReadAction","target":["https:\/\/visionrockland.ca\/en\/sports-loisirs\/fusillade-meurtriere-de-bourget-un-an-apres-2\/"]}]},{"@type":"ImageObject","inLanguage":"en-US","@id":"https:\/\/visionrockland.ca\/en\/sports-loisirs\/fusillade-meurtriere-de-bourget-un-an-apres-2\/#primaryimage","url":"https:\/\/cdn.editionap.ca\/wp-content\/uploads\/sites\/3\/2024\/05\/Tennis-facility-open-house-scaled-1.jpeg","contentUrl":"https:\/\/cdn.editionap.ca\/wp-content\/uploads\/sites\/3\/2024\/05\/Tennis-facility-open-house-scaled-1.jpeg","width":1920,"height":2560,"caption":"La Cit\u00e9 de Clarence - Rockland a organis\u00e9 une journ\u00e9e portes ouvertes concernant la nouvelle installation sportive propos\u00e9e dans le parc industriel de Rockland, \u00e0 c\u00f4t\u00e9 de l'ar\u00e9na de Clarence -Rockland et de l'Acad\u00e9mie inte rnationale de hockey du Canada (CIH) le long de la route de comt\u00e9 17."},{"@type":"BreadcrumbList","@id":"https:\/\/visionrockland.ca\/en\/sports-loisirs\/fusillade-meurtriere-de-bourget-un-an-apres-2\/#breadcrumb","itemListElement":[{"@type":"ListItem","position":1,"name":"Accueil","item":"https:\/\/visionrockland.ca\/en\/"},{"@type":"ListItem","position":2,"name":"Une journ\u00e9e portes ouvertes d\u00e9taille les plans d&rsquo;un nouveau projet d&rsquo;installation sportive \u00e0 Rockland"}]},{"@type":"WebSite","@id":"https:\/\/visionrockland.ca\/en\/#website","url":"https:\/\/visionrockland.ca\/en\/","name":"Vision","description":"","potentialAction":[{"@type":"SearchAction","target":{"@type":"EntryPoint","urlTemplate":"https:\/\/visionrockland.ca\/en\/?s={search_term_string}"},"query-input":{"@type":"PropertyValueSpecification","valueRequired":true,"valueName":"search_term_string"}}],"inLanguage":"en-US"},{"@type":"Person","@id":"https:\/\/visionrockland.ca\/en\/#\/schema\/person\/a09095fdf65e09e747105760fe90175c","name":"Anil Jhalli","image":{"@type":"ImageObject","inLanguage":"en-US","@id":"https:\/\/secure.gravatar.com\/avatar\/63becc64fff8877a05400459aa003b94a1fdc8d3954acacc688ee6a2bc39fef8?s=96&d=mm&r=g","url":"https:\/\/secure.gravatar.com\/avatar\/63becc64fff8877a05400459aa003b94a1fdc8d3954acacc688ee6a2bc39fef8?s=96&d=mm&r=g","contentUrl":"https:\/\/secure.gravatar.com\/avatar\/63becc64fff8877a05400459aa003b94a1fdc8d3954acacc688ee6a2bc39fef8?s=96&d=mm&r=g","caption":"Anil Jhalli"}}]}},"_links":{"self":[{"href":"https:\/\/visionrockland.ca\/en\/wp-json\/wp\/v2\/posts\/100071","targetHints":{"allow":["GET"]}}],"collection":[{"href":"https:\/\/visionrockland.ca\/en\/wp-json\/wp\/v2\/posts"}],"about":[{"href":"https:\/\/visionrockland.ca\/en\/wp-json\/wp\/v2\/types\/post"}],"author":[{"embeddable":true,"href":"https:\/\/visionrockland.ca\/en\/wp-json\/wp\/v2\/users\/27"}],"replies":[{"embeddable":true,"href":"https:\/\/visionrockland.ca\/en\/wp-json\/wp\/v2\/comments?post=100071"}],"version-history":[{"count":1,"href":"https:\/\/visionrockland.ca\/en\/wp-json\/wp\/v2\/posts\/100071\/revisions"}],"predecessor-version":[{"id":132514,"href":"https:\/\/visionrockland.ca\/en\/wp-json\/wp\/v2\/posts\/100071\/revisions\/132514"}],"wp:featuredmedia":[{"embeddable":true,"href":"https:\/\/visionrockland.ca\/en\/wp-json\/wp\/v2\/media\/100072"}],"wp:attachment":[{"href":"https:\/\/visionrockland.ca\/en\/wp-json\/wp\/v2\/media?parent=100071"}],"wp:term":[{"taxonomy":"category","embeddable":true,"href":"https:\/\/visionrockland.ca\/en\/wp-json\/wp\/v2\/categories?post=100071"},{"taxonomy":"post_tag","embeddable":true,"href":"https:\/\/visionrockland.ca\/en\/wp-json\/wp\/v2\/tags?post=100071"}],"curies":[{"name":"wp","href":"https:\/\/api.w.org\/{rel}","templated":true}]}}