{"id":100069,"date":"2024-05-15T14:10:08","date_gmt":"2024-05-15T18:10:08","guid":{"rendered":"https:\/\/editionap.ca\/?p=100069"},"modified":"2026-02-17T20:52:08","modified_gmt":"2026-02-17T19:52:08","slug":"fusillade-meurtriere-de-bourget-un-an-apres","status":"publish","type":"post","link":"https:\/\/visionrockland.ca\/en\/actualites\/fusillade-meurtriere-de-bourget-un-an-apres\/","title":{"rendered":"Fusillade meurtri\u00e8re de Bourget : Un an apr\u00e8s"},"content":{"rendered":"<p><b><span data-contrast=\"none\">Cela fait un an que le sergent Eric Mueller de la Police provinciale de l&#8217;Ontario a perdu la vie lors d&#8217;une fusillade \u00e0 Bourget. \u202f<\/span><\/b><span data-ccp-props=\"{&quot;201341983&quot;:2,&quot;335551550&quot;:6,&quot;335551620&quot;:6,&quot;335559731&quot;:240,&quot;335559739&quot;:0,&quot;335559740&quot;:240}\">\u00a0<\/span><\/p>\n<p><span data-contrast=\"none\">\u202fLe 11 mai 2023, vers 2\u202fh du matin, la police a r\u00e9pondu \u00e0 un appel signalant des coups de feu dans le village de Clarence-Rockland. Les trois agents qui ont r\u00e9pondu \u00e0 l&#8217;appel ont \u00e9t\u00e9 abattus par un individu dans une maison de la rue Laval et ont \u00e9t\u00e9 transport\u00e9s \u00e0 l&#8217;h\u00f4pital d&#8217;Ottawa, o\u00f9 Mueller est d\u00e9c\u00e9d\u00e9.\u202f\u202f\u202f<\/span><span data-ccp-props=\"{&quot;201341983&quot;:2,&quot;335551550&quot;:6,&quot;335551620&quot;:6,&quot;335559731&quot;:240,&quot;335559739&quot;:0,&quot;335559740&quot;:240}\">\u00a0<\/span><\/p>\n<p><span data-contrast=\"none\">\u00ab\u202fIl y a un an, le 11 mai 2023, le sergent Eric Mueller a \u00e9t\u00e9 tu\u00e9 dans l&#8217;exercice de ses fonctions, a d\u00e9clar\u00e9 le commissaire de la Police provinciale de l&#8217;Ontario, Thomas Carrique, dans un message publi\u00e9 sur les m\u00e9dias sociaux. On se souviendra toujours de sa vie et de son sacrifice. Des h\u00e9ros dans la vie.\u202f\u00bb\u202f\u202f<\/span><span data-ccp-props=\"{&quot;201341983&quot;:2,&quot;335551550&quot;:6,&quot;335551620&quot;:6,&quot;335559731&quot;:240,&quot;335559739&quot;:0,&quot;335559740&quot;:240}\">\u00a0<\/span><\/p>\n<p><span data-contrast=\"none\">Alain Bellefeuille, 39 ans, a \u00e9t\u00e9 accus\u00e9 d&#8217;un chef d&#8217;accusation de meurtre au premier degr\u00e9 et de deux chefs d&#8217;accusation de tentative de meurtre.\u202f\u202f\u202f<\/span><span data-ccp-props=\"{&quot;201341983&quot;:2,&quot;335551550&quot;:6,&quot;335551620&quot;:6,&quot;335559731&quot;:240,&quot;335559739&quot;:0,&quot;335559740&quot;:240}\">\u00a0<\/span><\/p>\n<p><span data-contrast=\"none\">\u00ab\u202fNous pensons \u00e0 sa famille, \u00e0 ses amis et \u00e0 ses coll\u00e8gues en ce jour difficile\u202f\u00bb, a \u00e9crit le maire de Clarence-Rockland, Mario Zanth, sur Facebook.\u202f\u202f\u202f<\/span><span data-ccp-props=\"{&quot;201341983&quot;:2,&quot;335551550&quot;:6,&quot;335551620&quot;:6,&quot;335559731&quot;:240,&quot;335559739&quot;:0,&quot;335559740&quot;:240}\">\u00a0<\/span><\/p>\n<p><span data-contrast=\"none\">\u00ab\u202fBien que la communaut\u00e9 fasse de son mieux pour faire face aux cons\u00e9quences de la fusillade, le 11 mai aura toujours une signification importante pour les r\u00e9sidents de Bourget\u202f\u00bb, a d\u00e9clar\u00e9 Jos\u00e9e Sabourin, chef du d\u00e9tachement du comt\u00e9 de Russell de la Police provinciale de l&#8217;Ontario, lors d&#8217;une entrevue pr\u00e9c\u00e9dente.\u202f\u202f<\/span><span data-ccp-props=\"{&quot;201341983&quot;:2,&quot;335551550&quot;:6,&quot;335551620&quot;:6,&quot;335559731&quot;:240,&quot;335559739&quot;:0,&quot;335559740&quot;:240}\">\u00a0<\/span><\/p>\n<p><span data-contrast=\"none\">\u00ab\u202fLa vague de soutien et de messages que nous avons re\u00e7ue a \u00e9t\u00e9 extraordinaire, a d\u00e9clar\u00e9 Mme Sabourin. Nous avons travers\u00e9 cette \u00e9preuve tous ensemble et nous avons d\u00fb lutter pour retrouver notre r\u00e9silience.<\/span><span data-ccp-props=\"{&quot;201341983&quot;:2,&quot;335551550&quot;:6,&quot;335551620&quot;:6,&quot;335559731&quot;:240,&quot;335559739&quot;:0,&quot;335559740&quot;:240}\">\u00a0<\/span><\/p>\n<p><span data-contrast=\"none\">\u202f<\/span><span data-ccp-props=\"{&quot;201341983&quot;:2,&quot;335551550&quot;:6,&quot;335551620&quot;:6,&quot;335559731&quot;:240,&quot;335559739&quot;:0,&quot;335559740&quot;:240}\">\u00a0<\/span><\/p>\n<p><span data-ccp-props=\"{&quot;201341983&quot;:2,&quot;335551550&quot;:6,&quot;335551620&quot;:6,&quot;335559731&quot;:240,&quot;335559739&quot;:0,&quot;335559740&quot;:240}\">\u00a0<\/span><\/p>\n","protected":false},"excerpt":{"rendered":"<p>Cela fait un an que le sergent Eric Mueller de la Police provinciale de l&#8217;Ontario a perdu la vie lors d&#8217;une fusillade \u00e0 Bourget. \u202f\u00a0 \u202fLe 11 mai 2023, vers 2\u202fh du matin, la police a r\u00e9pondu \u00e0 un appel signalant des coups de feu dans le village de Clarence-Rockland. Les trois agents qui ont [&hellip;]<\/p>\n","protected":false},"author":27,"featured_media":29273,"comment_status":"closed","ping_status":"open","sticky":false,"template":"","format":"standard","meta":{"_acf_changed":false,"footnotes":""},"categories":[37],"tags":[],"class_list":["post-100069","post","type-post","status-publish","format-standard","has-post-thumbnail","hentry","category-actualites"],"acf":[],"featured_media_global":[],"yoast_head":"<!-- This site is optimized with the Yoast SEO plugin v27.4 - https:\/\/yoast.com\/product\/yoast-seo-wordpress\/ -->\n<title>Fusillade meurtri\u00e8re de Bourget : Un an apr\u00e8s - Vision<\/title>\n<meta name=\"description\" content=\"Cela fait un an que le sergent Eric Mueller de la Police provinciale de l&#039;Ontario a perdu la vie lors d&#039;une fusillade \u00e0 Bourget. \u202f\u00a0\" \/>\n<meta name=\"robots\" content=\"index, follow, max-snippet:-1, max-image-preview:large, max-video-preview:-1\" \/>\n<link rel=\"canonical\" href=\"https:\/\/visionrockland.ca\/en\/actualites\/fusillade-meurtriere-de-bourget-un-an-apres\/\" \/>\n<meta property=\"og:locale\" content=\"en_US\" \/>\n<meta property=\"og:type\" content=\"article\" \/>\n<meta property=\"og:title\" content=\"Fusillade meurtri\u00e8re de Bourget : Un an apr\u00e8s - Vision\" \/>\n<meta property=\"og:description\" content=\"Cela fait un an que le sergent Eric Mueller de la Police provinciale de l&#039;Ontario a perdu la vie lors d&#039;une fusillade \u00e0 Bourget. \u202f\u00a0\" \/>\n<meta property=\"og:url\" content=\"https:\/\/visionrockland.ca\/en\/actualites\/fusillade-meurtriere-de-bourget-un-an-apres\/\" \/>\n<meta property=\"og:site_name\" content=\"Vision\" \/>\n<meta property=\"article:published_time\" content=\"2024-05-15T18:10:08+00:00\" \/>\n<meta property=\"article:modified_time\" content=\"2026-02-17T19:52:08+00:00\" \/>\n<meta property=\"og:image\" content=\"https:\/\/cdn.editionap.ca\/wp-content\/uploads\/sites\/3\/2023\/04\/OPP-2.jpg\" \/>\n\t<meta property=\"og:image:width\" content=\"1500\" \/>\n\t<meta property=\"og:image:height\" content=\"781\" \/>\n\t<meta property=\"og:image:type\" content=\"image\/jpeg\" \/>\n<meta name=\"author\" content=\"Anil Jhalli\" \/>\n<meta name=\"twitter:card\" content=\"summary_large_image\" \/>\n<meta name=\"twitter:label1\" content=\"Written by\" \/>\n\t<meta name=\"twitter:data1\" content=\"Anil Jhalli\" \/>\n\t<meta name=\"twitter:label2\" content=\"Est. reading time\" \/>\n\t<meta name=\"twitter:data2\" content=\"2 minutes\" \/>\n<script type=\"application\/ld+json\" class=\"yoast-schema-graph\">{\"@context\":\"https:\\\/\\\/schema.org\",\"@graph\":[{\"@type\":\"Article\",\"@id\":\"https:\\\/\\\/visionrockland.ca\\\/en\\\/actualites\\\/fusillade-meurtriere-de-bourget-un-an-apres\\\/#article\",\"isPartOf\":{\"@id\":\"https:\\\/\\\/visionrockland.ca\\\/en\\\/actualites\\\/fusillade-meurtriere-de-bourget-un-an-apres\\\/\"},\"author\":{\"name\":\"Anil Jhalli\",\"@id\":\"https:\\\/\\\/visionrockland.ca\\\/en\\\/#\\\/schema\\\/person\\\/a09095fdf65e09e747105760fe90175c\"},\"headline\":\"Fusillade meurtri\u00e8re de Bourget : Un an apr\u00e8s\",\"datePublished\":\"2024-05-15T18:10:08+00:00\",\"dateModified\":\"2026-02-17T19:52:08+00:00\",\"mainEntityOfPage\":{\"@id\":\"https:\\\/\\\/visionrockland.ca\\\/en\\\/actualites\\\/fusillade-meurtriere-de-bourget-un-an-apres\\\/\"},\"wordCount\":300,\"image\":{\"@id\":\"https:\\\/\\\/visionrockland.ca\\\/en\\\/actualites\\\/fusillade-meurtriere-de-bourget-un-an-apres\\\/#primaryimage\"},\"thumbnailUrl\":\"https:\\\/\\\/cdn.editionap.ca\\\/wp-content\\\/uploads\\\/sites\\\/3\\\/2023\\\/04\\\/OPP-2.jpg\",\"articleSection\":[\"Actualit\u00e9s\"],\"inLanguage\":\"en-US\"},{\"@type\":\"WebPage\",\"@id\":\"https:\\\/\\\/visionrockland.ca\\\/en\\\/actualites\\\/fusillade-meurtriere-de-bourget-un-an-apres\\\/\",\"url\":\"https:\\\/\\\/visionrockland.ca\\\/en\\\/actualites\\\/fusillade-meurtriere-de-bourget-un-an-apres\\\/\",\"name\":\"Fusillade meurtri\u00e8re de Bourget : Un an apr\u00e8s - Vision\",\"isPartOf\":{\"@id\":\"https:\\\/\\\/visionrockland.ca\\\/en\\\/#website\"},\"primaryImageOfPage\":{\"@id\":\"https:\\\/\\\/visionrockland.ca\\\/en\\\/actualites\\\/fusillade-meurtriere-de-bourget-un-an-apres\\\/#primaryimage\"},\"image\":{\"@id\":\"https:\\\/\\\/visionrockland.ca\\\/en\\\/actualites\\\/fusillade-meurtriere-de-bourget-un-an-apres\\\/#primaryimage\"},\"thumbnailUrl\":\"https:\\\/\\\/cdn.editionap.ca\\\/wp-content\\\/uploads\\\/sites\\\/3\\\/2023\\\/04\\\/OPP-2.jpg\",\"datePublished\":\"2024-05-15T18:10:08+00:00\",\"dateModified\":\"2026-02-17T19:52:08+00:00\",\"author\":{\"@id\":\"https:\\\/\\\/visionrockland.ca\\\/en\\\/#\\\/schema\\\/person\\\/a09095fdf65e09e747105760fe90175c\"},\"description\":\"Cela fait un an que le sergent Eric Mueller de la Police provinciale de l'Ontario a perdu la vie lors d'une fusillade \u00e0 Bourget. \u202f\u00a0\",\"breadcrumb\":{\"@id\":\"https:\\\/\\\/visionrockland.ca\\\/en\\\/actualites\\\/fusillade-meurtriere-de-bourget-un-an-apres\\\/#breadcrumb\"},\"inLanguage\":\"en-US\",\"potentialAction\":[{\"@type\":\"ReadAction\",\"target\":[\"https:\\\/\\\/visionrockland.ca\\\/en\\\/actualites\\\/fusillade-meurtriere-de-bourget-un-an-apres\\\/\"]}]},{\"@type\":\"ImageObject\",\"inLanguage\":\"en-US\",\"@id\":\"https:\\\/\\\/visionrockland.ca\\\/en\\\/actualites\\\/fusillade-meurtriere-de-bourget-un-an-apres\\\/#primaryimage\",\"url\":\"https:\\\/\\\/cdn.editionap.ca\\\/wp-content\\\/uploads\\\/sites\\\/3\\\/2023\\\/04\\\/OPP-2.jpg\",\"contentUrl\":\"https:\\\/\\\/cdn.editionap.ca\\\/wp-content\\\/uploads\\\/sites\\\/3\\\/2023\\\/04\\\/OPP-2.jpg\",\"width\":1500,\"height\":781},{\"@type\":\"BreadcrumbList\",\"@id\":\"https:\\\/\\\/visionrockland.ca\\\/en\\\/actualites\\\/fusillade-meurtriere-de-bourget-un-an-apres\\\/#breadcrumb\",\"itemListElement\":[{\"@type\":\"ListItem\",\"position\":1,\"name\":\"Accueil\",\"item\":\"https:\\\/\\\/visionrockland.ca\\\/en\\\/\"},{\"@type\":\"ListItem\",\"position\":2,\"name\":\"Fusillade meurtri\u00e8re de Bourget : Un an apr\u00e8s\"}]},{\"@type\":\"WebSite\",\"@id\":\"https:\\\/\\\/visionrockland.ca\\\/en\\\/#website\",\"url\":\"https:\\\/\\\/visionrockland.ca\\\/en\\\/\",\"name\":\"Vision\",\"description\":\"\",\"potentialAction\":[{\"@type\":\"SearchAction\",\"target\":{\"@type\":\"EntryPoint\",\"urlTemplate\":\"https:\\\/\\\/visionrockland.ca\\\/en\\\/?s={search_term_string}\"},\"query-input\":{\"@type\":\"PropertyValueSpecification\",\"valueRequired\":true,\"valueName\":\"search_term_string\"}}],\"inLanguage\":\"en-US\"},{\"@type\":\"Person\",\"@id\":\"https:\\\/\\\/visionrockland.ca\\\/en\\\/#\\\/schema\\\/person\\\/a09095fdf65e09e747105760fe90175c\",\"name\":\"Anil Jhalli\",\"image\":{\"@type\":\"ImageObject\",\"inLanguage\":\"en-US\",\"@id\":\"https:\\\/\\\/secure.gravatar.com\\\/avatar\\\/63becc64fff8877a05400459aa003b94a1fdc8d3954acacc688ee6a2bc39fef8?s=96&d=mm&r=g\",\"url\":\"https:\\\/\\\/secure.gravatar.com\\\/avatar\\\/63becc64fff8877a05400459aa003b94a1fdc8d3954acacc688ee6a2bc39fef8?s=96&d=mm&r=g\",\"contentUrl\":\"https:\\\/\\\/secure.gravatar.com\\\/avatar\\\/63becc64fff8877a05400459aa003b94a1fdc8d3954acacc688ee6a2bc39fef8?s=96&d=mm&r=g\",\"caption\":\"Anil Jhalli\"}}]}<\/script>\n<!-- \/ Yoast SEO plugin. -->","yoast_head_json":{"title":"Fusillade meurtri\u00e8re de Bourget : Un an apr\u00e8s - Vision","description":"Cela fait un an que le sergent Eric Mueller de la Police provinciale de l'Ontario a perdu la vie lors d'une fusillade \u00e0 Bourget. \u202f\u00a0","robots":{"index":"index","follow":"follow","max-snippet":"max-snippet:-1","max-image-preview":"max-image-preview:large","max-video-preview":"max-video-preview:-1"},"canonical":"https:\/\/visionrockland.ca\/en\/actualites\/fusillade-meurtriere-de-bourget-un-an-apres\/","og_locale":"en_US","og_type":"article","og_title":"Fusillade meurtri\u00e8re de Bourget : Un an apr\u00e8s - Vision","og_description":"Cela fait un an que le sergent Eric Mueller de la Police provinciale de l'Ontario a perdu la vie lors d'une fusillade \u00e0 Bourget. \u202f\u00a0","og_url":"https:\/\/visionrockland.ca\/en\/actualites\/fusillade-meurtriere-de-bourget-un-an-apres\/","og_site_name":"Vision","article_published_time":"2024-05-15T18:10:08+00:00","article_modified_time":"2026-02-17T19:52:08+00:00","og_image":[{"width":1500,"height":781,"url":"https:\/\/cdn.editionap.ca\/wp-content\/uploads\/sites\/3\/2023\/04\/OPP-2.jpg","type":"image\/jpeg"}],"author":"Anil Jhalli","twitter_card":"summary_large_image","twitter_misc":{"Written by":"Anil Jhalli","Est. reading time":"2 minutes"},"schema":{"@context":"https:\/\/schema.org","@graph":[{"@type":"Article","@id":"https:\/\/visionrockland.ca\/en\/actualites\/fusillade-meurtriere-de-bourget-un-an-apres\/#article","isPartOf":{"@id":"https:\/\/visionrockland.ca\/en\/actualites\/fusillade-meurtriere-de-bourget-un-an-apres\/"},"author":{"name":"Anil Jhalli","@id":"https:\/\/visionrockland.ca\/en\/#\/schema\/person\/a09095fdf65e09e747105760fe90175c"},"headline":"Fusillade meurtri\u00e8re de Bourget : Un an apr\u00e8s","datePublished":"2024-05-15T18:10:08+00:00","dateModified":"2026-02-17T19:52:08+00:00","mainEntityOfPage":{"@id":"https:\/\/visionrockland.ca\/en\/actualites\/fusillade-meurtriere-de-bourget-un-an-apres\/"},"wordCount":300,"image":{"@id":"https:\/\/visionrockland.ca\/en\/actualites\/fusillade-meurtriere-de-bourget-un-an-apres\/#primaryimage"},"thumbnailUrl":"https:\/\/cdn.editionap.ca\/wp-content\/uploads\/sites\/3\/2023\/04\/OPP-2.jpg","articleSection":["Actualit\u00e9s"],"inLanguage":"en-US"},{"@type":"WebPage","@id":"https:\/\/visionrockland.ca\/en\/actualites\/fusillade-meurtriere-de-bourget-un-an-apres\/","url":"https:\/\/visionrockland.ca\/en\/actualites\/fusillade-meurtriere-de-bourget-un-an-apres\/","name":"Fusillade meurtri\u00e8re de Bourget : Un an apr\u00e8s - Vision","isPartOf":{"@id":"https:\/\/visionrockland.ca\/en\/#website"},"primaryImageOfPage":{"@id":"https:\/\/visionrockland.ca\/en\/actualites\/fusillade-meurtriere-de-bourget-un-an-apres\/#primaryimage"},"image":{"@id":"https:\/\/visionrockland.ca\/en\/actualites\/fusillade-meurtriere-de-bourget-un-an-apres\/#primaryimage"},"thumbnailUrl":"https:\/\/cdn.editionap.ca\/wp-content\/uploads\/sites\/3\/2023\/04\/OPP-2.jpg","datePublished":"2024-05-15T18:10:08+00:00","dateModified":"2026-02-17T19:52:08+00:00","author":{"@id":"https:\/\/visionrockland.ca\/en\/#\/schema\/person\/a09095fdf65e09e747105760fe90175c"},"description":"Cela fait un an que le sergent Eric Mueller de la Police provinciale de l'Ontario a perdu la vie lors d'une fusillade \u00e0 Bourget. \u202f\u00a0","breadcrumb":{"@id":"https:\/\/visionrockland.ca\/en\/actualites\/fusillade-meurtriere-de-bourget-un-an-apres\/#breadcrumb"},"inLanguage":"en-US","potentialAction":[{"@type":"ReadAction","target":["https:\/\/visionrockland.ca\/en\/actualites\/fusillade-meurtriere-de-bourget-un-an-apres\/"]}]},{"@type":"ImageObject","inLanguage":"en-US","@id":"https:\/\/visionrockland.ca\/en\/actualites\/fusillade-meurtriere-de-bourget-un-an-apres\/#primaryimage","url":"https:\/\/cdn.editionap.ca\/wp-content\/uploads\/sites\/3\/2023\/04\/OPP-2.jpg","contentUrl":"https:\/\/cdn.editionap.ca\/wp-content\/uploads\/sites\/3\/2023\/04\/OPP-2.jpg","width":1500,"height":781},{"@type":"BreadcrumbList","@id":"https:\/\/visionrockland.ca\/en\/actualites\/fusillade-meurtriere-de-bourget-un-an-apres\/#breadcrumb","itemListElement":[{"@type":"ListItem","position":1,"name":"Accueil","item":"https:\/\/visionrockland.ca\/en\/"},{"@type":"ListItem","position":2,"name":"Fusillade meurtri\u00e8re de Bourget : Un an apr\u00e8s"}]},{"@type":"WebSite","@id":"https:\/\/visionrockland.ca\/en\/#website","url":"https:\/\/visionrockland.ca\/en\/","name":"Vision","description":"","potentialAction":[{"@type":"SearchAction","target":{"@type":"EntryPoint","urlTemplate":"https:\/\/visionrockland.ca\/en\/?s={search_term_string}"},"query-input":{"@type":"PropertyValueSpecification","valueRequired":true,"valueName":"search_term_string"}}],"inLanguage":"en-US"},{"@type":"Person","@id":"https:\/\/visionrockland.ca\/en\/#\/schema\/person\/a09095fdf65e09e747105760fe90175c","name":"Anil Jhalli","image":{"@type":"ImageObject","inLanguage":"en-US","@id":"https:\/\/secure.gravatar.com\/avatar\/63becc64fff8877a05400459aa003b94a1fdc8d3954acacc688ee6a2bc39fef8?s=96&d=mm&r=g","url":"https:\/\/secure.gravatar.com\/avatar\/63becc64fff8877a05400459aa003b94a1fdc8d3954acacc688ee6a2bc39fef8?s=96&d=mm&r=g","contentUrl":"https:\/\/secure.gravatar.com\/avatar\/63becc64fff8877a05400459aa003b94a1fdc8d3954acacc688ee6a2bc39fef8?s=96&d=mm&r=g","caption":"Anil Jhalli"}}]}},"_links":{"self":[{"href":"https:\/\/visionrockland.ca\/en\/wp-json\/wp\/v2\/posts\/100069","targetHints":{"allow":["GET"]}}],"collection":[{"href":"https:\/\/visionrockland.ca\/en\/wp-json\/wp\/v2\/posts"}],"about":[{"href":"https:\/\/visionrockland.ca\/en\/wp-json\/wp\/v2\/types\/post"}],"author":[{"embeddable":true,"href":"https:\/\/visionrockland.ca\/en\/wp-json\/wp\/v2\/users\/27"}],"replies":[{"embeddable":true,"href":"https:\/\/visionrockland.ca\/en\/wp-json\/wp\/v2\/comments?post=100069"}],"version-history":[{"count":1,"href":"https:\/\/visionrockland.ca\/en\/wp-json\/wp\/v2\/posts\/100069\/revisions"}],"predecessor-version":[{"id":132515,"href":"https:\/\/visionrockland.ca\/en\/wp-json\/wp\/v2\/posts\/100069\/revisions\/132515"}],"wp:featuredmedia":[{"embeddable":true,"href":"https:\/\/visionrockland.ca\/en\/wp-json\/wp\/v2\/media\/29273"}],"wp:attachment":[{"href":"https:\/\/visionrockland.ca\/en\/wp-json\/wp\/v2\/media?parent=100069"}],"wp:term":[{"taxonomy":"category","embeddable":true,"href":"https:\/\/visionrockland.ca\/en\/wp-json\/wp\/v2\/categories?post=100069"},{"taxonomy":"post_tag","embeddable":true,"href":"https:\/\/visionrockland.ca\/en\/wp-json\/wp\/v2\/tags?post=100069"}],"curies":[{"name":"wp","href":"https:\/\/api.w.org\/{rel}","templated":true}]}}