{"id":100030,"date":"2024-05-14T08:49:50","date_gmt":"2024-05-14T12:49:50","guid":{"rendered":"https:\/\/editionap.ca\/?p=100030"},"modified":"2026-02-17T20:52:09","modified_gmt":"2026-02-17T19:52:09","slug":"fatal-school-bus-collision-results-in-death-of-11-year-old-cyclist","status":"publish","type":"post","link":"https:\/\/visionrockland.ca\/en\/actualites\/fatal-school-bus-collision-results-in-death-of-11-year-old-cyclist\/","title":{"rendered":"Fatal school bus collision results in death of 11-year-old cyclist"},"content":{"rendered":"<p>The Russell County detachment of the Ontario Provincial Police are investigating the death of an 11-year-old after a collision with a school bus on the afternoon of Monday, May 13.<\/p>\n<p>According to police, around 3:30 p.m. a school bus hit the child while they were riding their bike on St. Joseph Street near Ch\u00e9n\u00e9 street, close to Sainte-Trinit\u00e9 elementary school, in Clarence-Rockland.<\/p>\n<p>Prescott-Russell paramedics said the child was transported to CHEO with a traumatic injury. In a statement released Tuesday morning, the police said the child died from the injuries.<\/p>\n<p>According to a letter to parents from the Conseil des \u00e9coles publiques de l&#8217;Est de l&#8217;Ontario (CEPEO), the young student attended Carrefour Jeunesse.<\/p>\n<p>The bus driver was uninjured.<\/p>\n<p>The section of St. Joseph Street was closed for approximately six hours Monday afternoon.<\/p>\n<p>The OPP continue to investigate the incident.<\/p>\n","protected":false},"excerpt":{"rendered":"<p>The Russell County detachment of the Ontario Provincial Police are investigating the death of an 11-year-old after a collision with a school bus on the afternoon of Monday, May 13. According to police, around 3:30 p.m. a school bus hit the child while they were riding their bike on St. Joseph Street near Ch\u00e9n\u00e9 street, [&hellip;]<\/p>\n","protected":false},"author":20,"featured_media":100039,"comment_status":"closed","ping_status":"open","sticky":false,"template":"","format":"standard","meta":{"_acf_changed":false,"footnotes":""},"categories":[37],"tags":[],"class_list":["post-100030","post","type-post","status-publish","format-standard","has-post-thumbnail","hentry","category-actualites"],"acf":[],"featured_media_global":[],"yoast_head":"<!-- This site is optimized with the Yoast SEO plugin v27.5 - https:\/\/yoast.com\/product\/yoast-seo-wordpress\/ -->\n<title>Fatal school bus collision results in death of 11-year-old cyclist - Vision<\/title>\n<meta name=\"robots\" content=\"index, follow, max-snippet:-1, max-image-preview:large, max-video-preview:-1\" \/>\n<link rel=\"canonical\" href=\"https:\/\/visionrockland.ca\/en\/actualites\/fatal-school-bus-collision-results-in-death-of-11-year-old-cyclist\/\" \/>\n<meta property=\"og:locale\" content=\"en_US\" \/>\n<meta property=\"og:type\" content=\"article\" \/>\n<meta property=\"og:title\" content=\"Fatal school bus collision results in death of 11-year-old cyclist - Vision\" \/>\n<meta property=\"og:description\" content=\"The Russell County detachment of the Ontario Provincial Police are investigating the death of an 11-year-old after a collision with a school bus on the afternoon of Monday, May 13. According to police, around 3:30 p.m. a school bus hit the child while they were riding their bike on St. Joseph Street near Ch\u00e9n\u00e9 street, [&hellip;]\" \/>\n<meta property=\"og:url\" content=\"https:\/\/visionrockland.ca\/en\/actualites\/fatal-school-bus-collision-results-in-death-of-11-year-old-cyclist\/\" \/>\n<meta property=\"og:site_name\" content=\"Vision\" \/>\n<meta property=\"article:published_time\" content=\"2024-05-14T12:49:50+00:00\" \/>\n<meta property=\"article:modified_time\" content=\"2026-02-17T19:52:09+00:00\" \/>\n<meta property=\"og:image\" content=\"https:\/\/cdn.editionap.ca\/wp-content\/uploads\/sites\/3\/2024\/05\/actjc-child_death_bus_CR-scaled-1.jpg\" \/>\n\t<meta property=\"og:image:width\" content=\"2560\" \/>\n\t<meta property=\"og:image:height\" content=\"1709\" \/>\n\t<meta property=\"og:image:type\" content=\"image\/jpeg\" \/>\n<meta name=\"author\" content=\"Joseph Coppolino\" \/>\n<meta name=\"twitter:card\" content=\"summary_large_image\" \/>\n<meta name=\"twitter:label1\" content=\"Written by\" \/>\n\t<meta name=\"twitter:data1\" content=\"Joseph Coppolino\" \/>\n\t<meta name=\"twitter:label2\" content=\"Est. reading time\" \/>\n\t<meta name=\"twitter:data2\" content=\"1 minute\" \/>\n<script type=\"application\/ld+json\" class=\"yoast-schema-graph\">{\"@context\":\"https:\\\/\\\/schema.org\",\"@graph\":[{\"@type\":\"Article\",\"@id\":\"https:\\\/\\\/visionrockland.ca\\\/en\\\/actualites\\\/fatal-school-bus-collision-results-in-death-of-11-year-old-cyclist\\\/#article\",\"isPartOf\":{\"@id\":\"https:\\\/\\\/visionrockland.ca\\\/en\\\/actualites\\\/fatal-school-bus-collision-results-in-death-of-11-year-old-cyclist\\\/\"},\"author\":{\"name\":\"Joseph Coppolino\",\"@id\":\"https:\\\/\\\/visionrockland.ca\\\/en\\\/#\\\/schema\\\/person\\\/25dbd073b952565ed09ca19dbbfccc27\"},\"headline\":\"Fatal school bus collision results in death of 11-year-old cyclist\",\"datePublished\":\"2024-05-14T12:49:50+00:00\",\"dateModified\":\"2026-02-17T19:52:09+00:00\",\"mainEntityOfPage\":{\"@id\":\"https:\\\/\\\/visionrockland.ca\\\/en\\\/actualites\\\/fatal-school-bus-collision-results-in-death-of-11-year-old-cyclist\\\/\"},\"wordCount\":151,\"image\":{\"@id\":\"https:\\\/\\\/visionrockland.ca\\\/en\\\/actualites\\\/fatal-school-bus-collision-results-in-death-of-11-year-old-cyclist\\\/#primaryimage\"},\"thumbnailUrl\":\"https:\\\/\\\/cdn.editionap.ca\\\/wp-content\\\/uploads\\\/sites\\\/3\\\/2024\\\/05\\\/actjc-child_death_bus_CR-scaled-1.jpg\",\"articleSection\":[\"Actualit\u00e9s\"],\"inLanguage\":\"en-US\"},{\"@type\":\"WebPage\",\"@id\":\"https:\\\/\\\/visionrockland.ca\\\/en\\\/actualites\\\/fatal-school-bus-collision-results-in-death-of-11-year-old-cyclist\\\/\",\"url\":\"https:\\\/\\\/visionrockland.ca\\\/en\\\/actualites\\\/fatal-school-bus-collision-results-in-death-of-11-year-old-cyclist\\\/\",\"name\":\"Fatal school bus collision results in death of 11-year-old cyclist - Vision\",\"isPartOf\":{\"@id\":\"https:\\\/\\\/visionrockland.ca\\\/en\\\/#website\"},\"primaryImageOfPage\":{\"@id\":\"https:\\\/\\\/visionrockland.ca\\\/en\\\/actualites\\\/fatal-school-bus-collision-results-in-death-of-11-year-old-cyclist\\\/#primaryimage\"},\"image\":{\"@id\":\"https:\\\/\\\/visionrockland.ca\\\/en\\\/actualites\\\/fatal-school-bus-collision-results-in-death-of-11-year-old-cyclist\\\/#primaryimage\"},\"thumbnailUrl\":\"https:\\\/\\\/cdn.editionap.ca\\\/wp-content\\\/uploads\\\/sites\\\/3\\\/2024\\\/05\\\/actjc-child_death_bus_CR-scaled-1.jpg\",\"datePublished\":\"2024-05-14T12:49:50+00:00\",\"dateModified\":\"2026-02-17T19:52:09+00:00\",\"author\":{\"@id\":\"https:\\\/\\\/visionrockland.ca\\\/en\\\/#\\\/schema\\\/person\\\/25dbd073b952565ed09ca19dbbfccc27\"},\"breadcrumb\":{\"@id\":\"https:\\\/\\\/visionrockland.ca\\\/en\\\/actualites\\\/fatal-school-bus-collision-results-in-death-of-11-year-old-cyclist\\\/#breadcrumb\"},\"inLanguage\":\"en-US\",\"potentialAction\":[{\"@type\":\"ReadAction\",\"target\":[\"https:\\\/\\\/visionrockland.ca\\\/en\\\/actualites\\\/fatal-school-bus-collision-results-in-death-of-11-year-old-cyclist\\\/\"]}]},{\"@type\":\"ImageObject\",\"inLanguage\":\"en-US\",\"@id\":\"https:\\\/\\\/visionrockland.ca\\\/en\\\/actualites\\\/fatal-school-bus-collision-results-in-death-of-11-year-old-cyclist\\\/#primaryimage\",\"url\":\"https:\\\/\\\/cdn.editionap.ca\\\/wp-content\\\/uploads\\\/sites\\\/3\\\/2024\\\/05\\\/actjc-child_death_bus_CR-scaled-1.jpg\",\"contentUrl\":\"https:\\\/\\\/cdn.editionap.ca\\\/wp-content\\\/uploads\\\/sites\\\/3\\\/2024\\\/05\\\/actjc-child_death_bus_CR-scaled-1.jpg\",\"width\":2560,\"height\":1709,\"caption\":\"Residents leave flowers at an impromptu memorial for the 11-year-old killed after colliding with a school bus while on their bicycle Monday afternoon, May 13.\"},{\"@type\":\"BreadcrumbList\",\"@id\":\"https:\\\/\\\/visionrockland.ca\\\/en\\\/actualites\\\/fatal-school-bus-collision-results-in-death-of-11-year-old-cyclist\\\/#breadcrumb\",\"itemListElement\":[{\"@type\":\"ListItem\",\"position\":1,\"name\":\"Accueil\",\"item\":\"https:\\\/\\\/visionrockland.ca\\\/en\\\/\"},{\"@type\":\"ListItem\",\"position\":2,\"name\":\"Fatal school bus collision results in death of 11-year-old cyclist\"}]},{\"@type\":\"WebSite\",\"@id\":\"https:\\\/\\\/visionrockland.ca\\\/en\\\/#website\",\"url\":\"https:\\\/\\\/visionrockland.ca\\\/en\\\/\",\"name\":\"Vision\",\"description\":\"\",\"potentialAction\":[{\"@type\":\"SearchAction\",\"target\":{\"@type\":\"EntryPoint\",\"urlTemplate\":\"https:\\\/\\\/visionrockland.ca\\\/en\\\/?s={search_term_string}\"},\"query-input\":{\"@type\":\"PropertyValueSpecification\",\"valueRequired\":true,\"valueName\":\"search_term_string\"}}],\"inLanguage\":\"en-US\"},{\"@type\":\"Person\",\"@id\":\"https:\\\/\\\/visionrockland.ca\\\/en\\\/#\\\/schema\\\/person\\\/25dbd073b952565ed09ca19dbbfccc27\",\"name\":\"Joseph Coppolino\",\"image\":{\"@type\":\"ImageObject\",\"inLanguage\":\"en-US\",\"@id\":\"https:\\\/\\\/secure.gravatar.com\\\/avatar\\\/68b588951b507643baa44096457818fb7c15c73a18975a47ba0caf868bab32aa?s=96&d=mm&r=g\",\"url\":\"https:\\\/\\\/secure.gravatar.com\\\/avatar\\\/68b588951b507643baa44096457818fb7c15c73a18975a47ba0caf868bab32aa?s=96&d=mm&r=g\",\"contentUrl\":\"https:\\\/\\\/secure.gravatar.com\\\/avatar\\\/68b588951b507643baa44096457818fb7c15c73a18975a47ba0caf868bab32aa?s=96&d=mm&r=g\",\"caption\":\"Joseph Coppolino\"}}]}<\/script>\n<!-- \/ Yoast SEO plugin. -->","yoast_head_json":{"title":"Fatal school bus collision results in death of 11-year-old cyclist - Vision","robots":{"index":"index","follow":"follow","max-snippet":"max-snippet:-1","max-image-preview":"max-image-preview:large","max-video-preview":"max-video-preview:-1"},"canonical":"https:\/\/visionrockland.ca\/en\/actualites\/fatal-school-bus-collision-results-in-death-of-11-year-old-cyclist\/","og_locale":"en_US","og_type":"article","og_title":"Fatal school bus collision results in death of 11-year-old cyclist - Vision","og_description":"The Russell County detachment of the Ontario Provincial Police are investigating the death of an 11-year-old after a collision with a school bus on the afternoon of Monday, May 13. According to police, around 3:30 p.m. a school bus hit the child while they were riding their bike on St. Joseph Street near Ch\u00e9n\u00e9 street, [&hellip;]","og_url":"https:\/\/visionrockland.ca\/en\/actualites\/fatal-school-bus-collision-results-in-death-of-11-year-old-cyclist\/","og_site_name":"Vision","article_published_time":"2024-05-14T12:49:50+00:00","article_modified_time":"2026-02-17T19:52:09+00:00","og_image":[{"width":2560,"height":1709,"url":"https:\/\/cdn.editionap.ca\/wp-content\/uploads\/sites\/3\/2024\/05\/actjc-child_death_bus_CR-scaled-1.jpg","type":"image\/jpeg"}],"author":"Joseph Coppolino","twitter_card":"summary_large_image","twitter_misc":{"Written by":"Joseph Coppolino","Est. reading time":"1 minute"},"schema":{"@context":"https:\/\/schema.org","@graph":[{"@type":"Article","@id":"https:\/\/visionrockland.ca\/en\/actualites\/fatal-school-bus-collision-results-in-death-of-11-year-old-cyclist\/#article","isPartOf":{"@id":"https:\/\/visionrockland.ca\/en\/actualites\/fatal-school-bus-collision-results-in-death-of-11-year-old-cyclist\/"},"author":{"name":"Joseph Coppolino","@id":"https:\/\/visionrockland.ca\/en\/#\/schema\/person\/25dbd073b952565ed09ca19dbbfccc27"},"headline":"Fatal school bus collision results in death of 11-year-old cyclist","datePublished":"2024-05-14T12:49:50+00:00","dateModified":"2026-02-17T19:52:09+00:00","mainEntityOfPage":{"@id":"https:\/\/visionrockland.ca\/en\/actualites\/fatal-school-bus-collision-results-in-death-of-11-year-old-cyclist\/"},"wordCount":151,"image":{"@id":"https:\/\/visionrockland.ca\/en\/actualites\/fatal-school-bus-collision-results-in-death-of-11-year-old-cyclist\/#primaryimage"},"thumbnailUrl":"https:\/\/cdn.editionap.ca\/wp-content\/uploads\/sites\/3\/2024\/05\/actjc-child_death_bus_CR-scaled-1.jpg","articleSection":["Actualit\u00e9s"],"inLanguage":"en-US"},{"@type":"WebPage","@id":"https:\/\/visionrockland.ca\/en\/actualites\/fatal-school-bus-collision-results-in-death-of-11-year-old-cyclist\/","url":"https:\/\/visionrockland.ca\/en\/actualites\/fatal-school-bus-collision-results-in-death-of-11-year-old-cyclist\/","name":"Fatal school bus collision results in death of 11-year-old cyclist - Vision","isPartOf":{"@id":"https:\/\/visionrockland.ca\/en\/#website"},"primaryImageOfPage":{"@id":"https:\/\/visionrockland.ca\/en\/actualites\/fatal-school-bus-collision-results-in-death-of-11-year-old-cyclist\/#primaryimage"},"image":{"@id":"https:\/\/visionrockland.ca\/en\/actualites\/fatal-school-bus-collision-results-in-death-of-11-year-old-cyclist\/#primaryimage"},"thumbnailUrl":"https:\/\/cdn.editionap.ca\/wp-content\/uploads\/sites\/3\/2024\/05\/actjc-child_death_bus_CR-scaled-1.jpg","datePublished":"2024-05-14T12:49:50+00:00","dateModified":"2026-02-17T19:52:09+00:00","author":{"@id":"https:\/\/visionrockland.ca\/en\/#\/schema\/person\/25dbd073b952565ed09ca19dbbfccc27"},"breadcrumb":{"@id":"https:\/\/visionrockland.ca\/en\/actualites\/fatal-school-bus-collision-results-in-death-of-11-year-old-cyclist\/#breadcrumb"},"inLanguage":"en-US","potentialAction":[{"@type":"ReadAction","target":["https:\/\/visionrockland.ca\/en\/actualites\/fatal-school-bus-collision-results-in-death-of-11-year-old-cyclist\/"]}]},{"@type":"ImageObject","inLanguage":"en-US","@id":"https:\/\/visionrockland.ca\/en\/actualites\/fatal-school-bus-collision-results-in-death-of-11-year-old-cyclist\/#primaryimage","url":"https:\/\/cdn.editionap.ca\/wp-content\/uploads\/sites\/3\/2024\/05\/actjc-child_death_bus_CR-scaled-1.jpg","contentUrl":"https:\/\/cdn.editionap.ca\/wp-content\/uploads\/sites\/3\/2024\/05\/actjc-child_death_bus_CR-scaled-1.jpg","width":2560,"height":1709,"caption":"Residents leave flowers at an impromptu memorial for the 11-year-old killed after colliding with a school bus while on their bicycle Monday afternoon, May 13."},{"@type":"BreadcrumbList","@id":"https:\/\/visionrockland.ca\/en\/actualites\/fatal-school-bus-collision-results-in-death-of-11-year-old-cyclist\/#breadcrumb","itemListElement":[{"@type":"ListItem","position":1,"name":"Accueil","item":"https:\/\/visionrockland.ca\/en\/"},{"@type":"ListItem","position":2,"name":"Fatal school bus collision results in death of 11-year-old cyclist"}]},{"@type":"WebSite","@id":"https:\/\/visionrockland.ca\/en\/#website","url":"https:\/\/visionrockland.ca\/en\/","name":"Vision","description":"","potentialAction":[{"@type":"SearchAction","target":{"@type":"EntryPoint","urlTemplate":"https:\/\/visionrockland.ca\/en\/?s={search_term_string}"},"query-input":{"@type":"PropertyValueSpecification","valueRequired":true,"valueName":"search_term_string"}}],"inLanguage":"en-US"},{"@type":"Person","@id":"https:\/\/visionrockland.ca\/en\/#\/schema\/person\/25dbd073b952565ed09ca19dbbfccc27","name":"Joseph Coppolino","image":{"@type":"ImageObject","inLanguage":"en-US","@id":"https:\/\/secure.gravatar.com\/avatar\/68b588951b507643baa44096457818fb7c15c73a18975a47ba0caf868bab32aa?s=96&d=mm&r=g","url":"https:\/\/secure.gravatar.com\/avatar\/68b588951b507643baa44096457818fb7c15c73a18975a47ba0caf868bab32aa?s=96&d=mm&r=g","contentUrl":"https:\/\/secure.gravatar.com\/avatar\/68b588951b507643baa44096457818fb7c15c73a18975a47ba0caf868bab32aa?s=96&d=mm&r=g","caption":"Joseph Coppolino"}}]}},"_links":{"self":[{"href":"https:\/\/visionrockland.ca\/en\/wp-json\/wp\/v2\/posts\/100030","targetHints":{"allow":["GET"]}}],"collection":[{"href":"https:\/\/visionrockland.ca\/en\/wp-json\/wp\/v2\/posts"}],"about":[{"href":"https:\/\/visionrockland.ca\/en\/wp-json\/wp\/v2\/types\/post"}],"author":[{"embeddable":true,"href":"https:\/\/visionrockland.ca\/en\/wp-json\/wp\/v2\/users\/20"}],"replies":[{"embeddable":true,"href":"https:\/\/visionrockland.ca\/en\/wp-json\/wp\/v2\/comments?post=100030"}],"version-history":[{"count":1,"href":"https:\/\/visionrockland.ca\/en\/wp-json\/wp\/v2\/posts\/100030\/revisions"}],"predecessor-version":[{"id":132518,"href":"https:\/\/visionrockland.ca\/en\/wp-json\/wp\/v2\/posts\/100030\/revisions\/132518"}],"wp:featuredmedia":[{"embeddable":true,"href":"https:\/\/visionrockland.ca\/en\/wp-json\/wp\/v2\/media\/100039"}],"wp:attachment":[{"href":"https:\/\/visionrockland.ca\/en\/wp-json\/wp\/v2\/media?parent=100030"}],"wp:term":[{"taxonomy":"category","embeddable":true,"href":"https:\/\/visionrockland.ca\/en\/wp-json\/wp\/v2\/categories?post=100030"},{"taxonomy":"post_tag","embeddable":true,"href":"https:\/\/visionrockland.ca\/en\/wp-json\/wp\/v2\/tags?post=100030"}],"curies":[{"name":"wp","href":"https:\/\/api.w.org\/{rel}","templated":true}]}}